{"id":1595,"date":"2013-07-29T07:09:16","date_gmt":"2013-07-29T05:09:16","guid":{"rendered":"http:\/\/truckle.in-chemnitz.de\/wordpress\/?p=1595"},"modified":"2013-08-12T12:31:14","modified_gmt":"2013-08-12T10:31:14","slug":"wald-und-almen","status":"publish","type":"post","link":"https:\/\/truckle.in-chemnitz.de\/wordpress\/wald-und-almen\/","title":{"rendered":"Wald und Almen"},"content":{"rendered":"<p>Transalp 2013, 3.Tag, 71km<\/p>\n<p>W\u00e4hrend des Fr\u00fchst\u00fccks hab ich noch viel mit den Augsburgern \u00fcber fr\u00fchere Touren gequatscht, die haben einen reichen Erfahrungsschatz an Alpentouren.<\/p>\n<p>Kurz nach Acht bin ich rechts des Baches auf einem Weg, dann Pfad, runter nach Vintl im Pustertal gerauscht. Eigentlich wollte ich von dort den Pustertal-Radweg nach M\u00fchlbach fahren. Am Wegweiser an der Br\u00fccke \u00fcber den ziemlich vollen Fluss war aber auch Nauders verzeichnet, wo ich dann sowieso hin wollte.<\/p>\n<figure id=\"attachment_1805\" aria-describedby=\"caption-attachment-1805\" style=\"width: 600px\" class=\"wp-caption aligncenter\"><a href=\"http:\/\/truckle.in-chemnitz.de\/wordpress\/wp-content\/uploads\/2013\/07\/DSCN0170-1024.jpg\"><img loading=\"lazy\" decoding=\"async\" src=\"http:\/\/truckle.in-chemnitz.de\/wordpress\/wp-content\/uploads\/2013\/07\/DSCN0170-1024-600x450.jpg\" alt=\"Fluss Rienz im Pustertal\" width=\"600\" height=\"450\" class=\"size-large wp-image-1805\" srcset=\"https:\/\/truckle.in-chemnitz.de\/wordpress\/wp-content\/uploads\/2013\/07\/DSCN0170-1024-600x450.jpg 600w, https:\/\/truckle.in-chemnitz.de\/wordpress\/wp-content\/uploads\/2013\/07\/DSCN0170-1024-270x202.jpg 270w, https:\/\/truckle.in-chemnitz.de\/wordpress\/wp-content\/uploads\/2013\/07\/DSCN0170-1024-624x468.jpg 624w, https:\/\/truckle.in-chemnitz.de\/wordpress\/wp-content\/uploads\/2013\/07\/DSCN0170-1024.jpg 1024w\" sizes=\"auto, (max-width: 600px) 100vw, 600px\" \/><\/a><figcaption id=\"caption-attachment-1805\" class=\"wp-caption-text\">Fluss Rienz im Pustertal<\/figcaption><\/figure>\n<p>Es ging durch den Wald steil bergan. An den folgenden Abzweigen war dann leider kein Hinweis auf Nauders mehr zu finden. Der erste Versuch war dann auch ein Reinfall, es ging mehrere Kilometer am Hang aufw\u00e4rts, endete dann aber auf einem Holzplatz. \u00dcber einen Trampelpfad konnte ich noch bis zum n\u00e4chsten Querweg hochschieben, der ging aber auch nicht weiter. In Gegenrichtung erreichte ich schlie\u00dflich einen Serpentinen-Weg und dann auch den richtigen Hangweg.<\/p>\n<figure id=\"attachment_1806\" aria-describedby=\"caption-attachment-1806\" style=\"width: 600px\" class=\"wp-caption aligncenter\"><a href=\"http:\/\/truckle.in-chemnitz.de\/wordpress\/wp-content\/uploads\/2013\/07\/DSCN0172-1024.jpg\"><img loading=\"lazy\" decoding=\"async\" src=\"http:\/\/truckle.in-chemnitz.de\/wordpress\/wp-content\/uploads\/2013\/07\/DSCN0172-1024-600x450.jpg\" alt=\"Pfunderer Tal vom Gegenhang aus\" width=\"600\" height=\"450\" class=\"size-large wp-image-1806\" srcset=\"https:\/\/truckle.in-chemnitz.de\/wordpress\/wp-content\/uploads\/2013\/07\/DSCN0172-1024-600x450.jpg 600w, https:\/\/truckle.in-chemnitz.de\/wordpress\/wp-content\/uploads\/2013\/07\/DSCN0172-1024-270x202.jpg 270w, https:\/\/truckle.in-chemnitz.de\/wordpress\/wp-content\/uploads\/2013\/07\/DSCN0172-1024-624x468.jpg 624w, https:\/\/truckle.in-chemnitz.de\/wordpress\/wp-content\/uploads\/2013\/07\/DSCN0172-1024.jpg 1024w\" sizes=\"auto, (max-width: 600px) 100vw, 600px\" \/><\/a><figcaption id=\"caption-attachment-1806\" class=\"wp-caption-text\">Pfunderer Tal vom Gegenhang aus<\/figcaption><\/figure>\n<p>Viel Aussicht gab es nicht, aber an den wenigen lichten Stellen konnte man einen Blick zur\u00fcck Richtung Pfunderer Tal und Alpenkamm erhaschen.<\/p>\n<p>In ca. 1300m H\u00f6he bin ich auf die Kanterrunde eingebogen, ist ein sch\u00f6ner Wald-Trail.<\/p>\n<p>In Nauders kam ich hinter einem Hof an und musste erstmal den Bauern fragen, wo&#8217;s zur Stra\u00dfe durchgeht. Die Antwort kam in einer v\u00f6llig unverst\u00e4ndlichen Ursprache zur\u00fcck, keine Ahnung, ob das deutsch sein sollte.<\/p>\n<p>Weiter oben holte mich ein einheimischer Biker aus Meransen ein, wir sind dann zusammen bis rauf zur Rodenecker Alm gefahren. Dort trennten sich unsere Wege schon wieder, ich bin links auf dem H\u00f6henr\u00fccken dem Wanderweg Nr.2 gefolgt. Die beeindruckenden Tiefblicke lie\u00dfen sich leider nicht gescheit fotografieren, es war einfach viel zu dunstig.<\/p>\n<p>An der Rastner H\u00fctte, kurz unterhalb des Astjochs auf ca. 1900m, gab&#8217;s erstmal ein Bierchen und Makkaroni zum Bef\u00fcllen des Kohlehydratspeichers.<\/p>\n<figure id=\"attachment_1807\" aria-describedby=\"caption-attachment-1807\" style=\"width: 600px\" class=\"wp-caption aligncenter\"><a href=\"http:\/\/truckle.in-chemnitz.de\/wordpress\/wp-content\/uploads\/2013\/07\/DSCN0176-1024.jpg\"><img loading=\"lazy\" decoding=\"async\" src=\"http:\/\/truckle.in-chemnitz.de\/wordpress\/wp-content\/uploads\/2013\/07\/DSCN0176-1024-600x450.jpg\" alt=\"Rastner H\u00fctte\" width=\"600\" height=\"450\" class=\"size-large wp-image-1807\" srcset=\"https:\/\/truckle.in-chemnitz.de\/wordpress\/wp-content\/uploads\/2013\/07\/DSCN0176-1024-600x450.jpg 600w, https:\/\/truckle.in-chemnitz.de\/wordpress\/wp-content\/uploads\/2013\/07\/DSCN0176-1024-270x202.jpg 270w, https:\/\/truckle.in-chemnitz.de\/wordpress\/wp-content\/uploads\/2013\/07\/DSCN0176-1024-624x468.jpg 624w, https:\/\/truckle.in-chemnitz.de\/wordpress\/wp-content\/uploads\/2013\/07\/DSCN0176-1024.jpg 1024w\" sizes=\"auto, (max-width: 600px) 100vw, 600px\" \/><\/a><figcaption id=\"caption-attachment-1807\" class=\"wp-caption-text\">Rastner H\u00fctte<\/figcaption><\/figure>\n<p>Danach bin ich \u00fcber den Weg 67B wieder abw\u00e4rts, das ging teilweise ganz sch\u00f6n steil \u00fcber Steine und Wurzeln, war aber fast komplett fahrbar.<\/p>\n<figure id=\"attachment_1809\" aria-describedby=\"caption-attachment-1809\" style=\"width: 600px\" class=\"wp-caption aligncenter\"><a href=\"http:\/\/truckle.in-chemnitz.de\/wordpress\/wp-content\/uploads\/2013\/07\/DSCN0178-1024.jpg\"><img loading=\"lazy\" decoding=\"async\" src=\"http:\/\/truckle.in-chemnitz.de\/wordpress\/wp-content\/uploads\/2013\/07\/DSCN0178-1024-600x450.jpg\" alt=\"Waldtrail\" width=\"600\" height=\"450\" class=\"size-large wp-image-1809\" srcset=\"https:\/\/truckle.in-chemnitz.de\/wordpress\/wp-content\/uploads\/2013\/07\/DSCN0178-1024-600x450.jpg 600w, https:\/\/truckle.in-chemnitz.de\/wordpress\/wp-content\/uploads\/2013\/07\/DSCN0178-1024-270x202.jpg 270w, https:\/\/truckle.in-chemnitz.de\/wordpress\/wp-content\/uploads\/2013\/07\/DSCN0178-1024-624x468.jpg 624w, https:\/\/truckle.in-chemnitz.de\/wordpress\/wp-content\/uploads\/2013\/07\/DSCN0178-1024.jpg 1024w\" sizes=\"auto, (max-width: 600px) 100vw, 600px\" \/><\/a><figcaption id=\"caption-attachment-1809\" class=\"wp-caption-text\">Waldtrail<\/figcaption><\/figure>\n<p>Beim Dorf Ellen erreichte ich ein Asphaltstr\u00e4\u00dfchen, dem ich schlie\u00dflich bis Rina folgte. Das war allerdings \u00fcberaus anstrengend, da es bei br\u00fctender Hitze immer mal so 300 H\u00f6henmeter rauf und runter ging. Es war auch oft so steil, dass der kleinste Gang gerade gut war.<\/p>\n<p>Vom Hangweg konnte man direkt auf den bekannten Skiberg Kronplatz r\u00fcbersehen.<\/p>\n<figure id=\"attachment_1808\" aria-describedby=\"caption-attachment-1808\" style=\"width: 600px\" class=\"wp-caption aligncenter\"><a href=\"http:\/\/truckle.in-chemnitz.de\/wordpress\/wp-content\/uploads\/2013\/07\/DSCN0179-1024.jpg\"><img loading=\"lazy\" decoding=\"async\" src=\"http:\/\/truckle.in-chemnitz.de\/wordpress\/wp-content\/uploads\/2013\/07\/DSCN0179-1024-600x450.jpg\" alt=\"Plan di Corones (Kronplatz)\" width=\"600\" height=\"450\" class=\"size-large wp-image-1808\" srcset=\"https:\/\/truckle.in-chemnitz.de\/wordpress\/wp-content\/uploads\/2013\/07\/DSCN0179-1024-600x450.jpg 600w, https:\/\/truckle.in-chemnitz.de\/wordpress\/wp-content\/uploads\/2013\/07\/DSCN0179-1024-270x202.jpg 270w, https:\/\/truckle.in-chemnitz.de\/wordpress\/wp-content\/uploads\/2013\/07\/DSCN0179-1024-624x468.jpg 624w, https:\/\/truckle.in-chemnitz.de\/wordpress\/wp-content\/uploads\/2013\/07\/DSCN0179-1024.jpg 1024w\" sizes=\"auto, (max-width: 600px) 100vw, 600px\" \/><\/a><figcaption id=\"caption-attachment-1808\" class=\"wp-caption-text\">Plan di Corones (Kronplatz)<\/figcaption><\/figure>\n<p>Weiter s\u00fcdlich gab es dann den ersten Blick auf die Dolomiten.<\/p>\n<figure id=\"attachment_1810\" aria-describedby=\"caption-attachment-1810\" style=\"width: 600px\" class=\"wp-caption aligncenter\"><a href=\"http:\/\/truckle.in-chemnitz.de\/wordpress\/wp-content\/uploads\/2013\/07\/DSCN0182-1024.jpg\"><img loading=\"lazy\" decoding=\"async\" src=\"http:\/\/truckle.in-chemnitz.de\/wordpress\/wp-content\/uploads\/2013\/07\/DSCN0182-1024-600x450.jpg\" alt=\"Dolomiten in Sicht\" width=\"600\" height=\"450\" class=\"size-large wp-image-1810\" srcset=\"https:\/\/truckle.in-chemnitz.de\/wordpress\/wp-content\/uploads\/2013\/07\/DSCN0182-1024-600x450.jpg 600w, https:\/\/truckle.in-chemnitz.de\/wordpress\/wp-content\/uploads\/2013\/07\/DSCN0182-1024-270x202.jpg 270w, https:\/\/truckle.in-chemnitz.de\/wordpress\/wp-content\/uploads\/2013\/07\/DSCN0182-1024-624x468.jpg 624w, https:\/\/truckle.in-chemnitz.de\/wordpress\/wp-content\/uploads\/2013\/07\/DSCN0182-1024.jpg 1024w\" sizes=\"auto, (max-width: 600px) 100vw, 600px\" \/><\/a><figcaption id=\"caption-attachment-1810\" class=\"wp-caption-text\">Dolomiten in Sicht<\/figcaption><\/figure>\n<p>In Rina kommt man auf die Stra\u00dfe, die vom W\u00fcrzjoch herunterf\u00fchrt. In rasanter Fahrt ging es hinab nach Zwischenwasser und dann sanft ansteigend \u00fcber St. Vigil hinein in den Fanes-Nationalpark.<\/p>\n<figure id=\"attachment_1811\" aria-describedby=\"caption-attachment-1811\" style=\"width: 600px\" class=\"wp-caption aligncenter\"><a href=\"http:\/\/truckle.in-chemnitz.de\/wordpress\/wp-content\/uploads\/2013\/07\/DSCN0188-1024.jpg\"><img loading=\"lazy\" decoding=\"async\" src=\"http:\/\/truckle.in-chemnitz.de\/wordpress\/wp-content\/uploads\/2013\/07\/DSCN0188-1024-600x450.jpg\" alt=\"Felsent\u00fcrme\" width=\"600\" height=\"450\" class=\"size-large wp-image-1811\" srcset=\"https:\/\/truckle.in-chemnitz.de\/wordpress\/wp-content\/uploads\/2013\/07\/DSCN0188-1024-600x450.jpg 600w, https:\/\/truckle.in-chemnitz.de\/wordpress\/wp-content\/uploads\/2013\/07\/DSCN0188-1024-270x202.jpg 270w, https:\/\/truckle.in-chemnitz.de\/wordpress\/wp-content\/uploads\/2013\/07\/DSCN0188-1024-624x468.jpg 624w, https:\/\/truckle.in-chemnitz.de\/wordpress\/wp-content\/uploads\/2013\/07\/DSCN0188-1024.jpg 1024w\" sizes=\"auto, (max-width: 600px) 100vw, 600px\" \/><\/a><figcaption id=\"caption-attachment-1811\" class=\"wp-caption-text\">Felsent\u00fcrme<\/figcaption><\/figure>\n<p>Auf beiden Talseiten erheben sich nahezu senkrechte Felsw\u00e4nde. Am Talende, auf knapp 1600m erreichte ich die Peder\u00fc-H\u00fctte. Das &#8222;Matratzenlager&#8220; besteht hier einfach aus mehreren Zimmern mit Doppelstockbetten, nicht sonderlich rustikal, aber bequem.<\/p>\n<figure id=\"attachment_1813\" aria-describedby=\"caption-attachment-1813\" style=\"width: 600px\" class=\"wp-caption aligncenter\"><a href=\"http:\/\/truckle.in-chemnitz.de\/wordpress\/wp-content\/uploads\/2013\/07\/DSCN0195-1024.jpg\"><img loading=\"lazy\" decoding=\"async\" src=\"http:\/\/truckle.in-chemnitz.de\/wordpress\/wp-content\/uploads\/2013\/07\/DSCN0195-1024-600x450.jpg\" alt=\"Peder\u00fc-H\u00fctte\" width=\"600\" height=\"450\" class=\"size-large wp-image-1813\" srcset=\"https:\/\/truckle.in-chemnitz.de\/wordpress\/wp-content\/uploads\/2013\/07\/DSCN0195-1024-600x450.jpg 600w, https:\/\/truckle.in-chemnitz.de\/wordpress\/wp-content\/uploads\/2013\/07\/DSCN0195-1024-270x202.jpg 270w, https:\/\/truckle.in-chemnitz.de\/wordpress\/wp-content\/uploads\/2013\/07\/DSCN0195-1024-624x468.jpg 624w, https:\/\/truckle.in-chemnitz.de\/wordpress\/wp-content\/uploads\/2013\/07\/DSCN0195-1024.jpg 1024w\" sizes=\"auto, (max-width: 600px) 100vw, 600px\" \/><\/a><figcaption id=\"caption-attachment-1813\" class=\"wp-caption-text\">Peder\u00fc-H\u00fctte<\/figcaption><\/figure>\n<p>Gleich hinter der H\u00fctte erheben sich Kalkfelsen mit braunen, grauen und r\u00f6tlichen Einschl\u00fcssen.<\/p>\n<figure id=\"attachment_1814\" aria-describedby=\"caption-attachment-1814\" style=\"width: 600px\" class=\"wp-caption aligncenter\"><a href=\"http:\/\/truckle.in-chemnitz.de\/wordpress\/wp-content\/uploads\/2013\/07\/DSCN0196-1024.jpg\"><img loading=\"lazy\" decoding=\"async\" src=\"http:\/\/truckle.in-chemnitz.de\/wordpress\/wp-content\/uploads\/2013\/07\/DSCN0196-1024-600x450.jpg\" alt=\"Kalkfelsen\" width=\"600\" height=\"450\" class=\"size-large wp-image-1814\" srcset=\"https:\/\/truckle.in-chemnitz.de\/wordpress\/wp-content\/uploads\/2013\/07\/DSCN0196-1024-600x450.jpg 600w, https:\/\/truckle.in-chemnitz.de\/wordpress\/wp-content\/uploads\/2013\/07\/DSCN0196-1024-270x202.jpg 270w, https:\/\/truckle.in-chemnitz.de\/wordpress\/wp-content\/uploads\/2013\/07\/DSCN0196-1024-624x468.jpg 624w, https:\/\/truckle.in-chemnitz.de\/wordpress\/wp-content\/uploads\/2013\/07\/DSCN0196-1024.jpg 1024w\" sizes=\"auto, (max-width: 600px) 100vw, 600px\" \/><\/a><figcaption id=\"caption-attachment-1814\" class=\"wp-caption-text\">Kalkfelsen<\/figcaption><\/figure>\n<p>Am Abend habe ich mit Zimmergenossen Stefan aus Ansbach gequasselt. Er ist schon fast eine Woche mit dem Bike in den Dolomiten unterwegs und konnte mir eine Menge Tips geben. Leider ist er in Gegenrichtung unterwegs, ich mu\u00df also erstmal wieder allein den n\u00e4chsten Pass rauf.<\/p>\n","protected":false},"excerpt":{"rendered":"<p>Transalp 2013, 3.Tag, 71km W\u00e4hrend des Fr\u00fchst\u00fccks hab ich noch viel mit den Augsburgern \u00fcber fr\u00fchere Touren gequatscht, die haben einen reichen Erfahrungsschatz an Alpentouren. Kurz nach Acht bin ich rechts des Baches auf einem Weg, dann Pfad, runter nach Vintl im Pustertal gerauscht. Eigentlich wollte ich von dort den Pustertal-Radweg nach M\u00fchlbach fahren. Am &hellip; <a href=\"https:\/\/truckle.in-chemnitz.de\/wordpress\/wald-und-almen\/\" class=\"more-link\"><span class=\"screen-reader-text\">Wald und Almen<\/span> weiterlesen <span class=\"meta-nav\">&rarr;<\/span><\/a><\/p>\n","protected":false},"author":1,"featured_media":0,"comment_status":"open","ping_status":"open","sticky":false,"template":"","format":"standard","meta":{"footnotes":""},"categories":[3],"tags":[40,4,35],"class_list":["post-1595","post","type-post","status-publish","format-standard","hentry","category-rad","tag-dolomiten","tag-mtb","tag-transalp"],"_links":{"self":[{"href":"https:\/\/truckle.in-chemnitz.de\/wordpress\/wp-json\/wp\/v2\/posts\/1595","targetHints":{"allow":["GET"]}}],"collection":[{"href":"https:\/\/truckle.in-chemnitz.de\/wordpress\/wp-json\/wp\/v2\/posts"}],"about":[{"href":"https:\/\/truckle.in-chemnitz.de\/wordpress\/wp-json\/wp\/v2\/types\/post"}],"author":[{"embeddable":true,"href":"https:\/\/truckle.in-chemnitz.de\/wordpress\/wp-json\/wp\/v2\/users\/1"}],"replies":[{"embeddable":true,"href":"https:\/\/truckle.in-chemnitz.de\/wordpress\/wp-json\/wp\/v2\/comments?post=1595"}],"version-history":[{"count":4,"href":"https:\/\/truckle.in-chemnitz.de\/wordpress\/wp-json\/wp\/v2\/posts\/1595\/revisions"}],"predecessor-version":[{"id":1816,"href":"https:\/\/truckle.in-chemnitz.de\/wordpress\/wp-json\/wp\/v2\/posts\/1595\/revisions\/1816"}],"wp:attachment":[{"href":"https:\/\/truckle.in-chemnitz.de\/wordpress\/wp-json\/wp\/v2\/media?parent=1595"}],"wp:term":[{"taxonomy":"category","embeddable":true,"href":"https:\/\/truckle.in-chemnitz.de\/wordpress\/wp-json\/wp\/v2\/categories?post=1595"},{"taxonomy":"post_tag","embeddable":true,"href":"https:\/\/truckle.in-chemnitz.de\/wordpress\/wp-json\/wp\/v2\/tags?post=1595"}],"curies":[{"name":"wp","href":"https:\/\/api.w.org\/{rel}","templated":true}]}}