{"id":3499,"date":"2019-06-03T20:15:18","date_gmt":"2019-06-03T18:15:18","guid":{"rendered":"https:\/\/truckle.in-chemnitz.de\/wordpress\/?p=3499"},"modified":"2019-06-04T20:12:50","modified_gmt":"2019-06-04T18:12:50","slug":"taltour-mit-hoehenmetern","status":"publish","type":"post","link":"https:\/\/truckle.in-chemnitz.de\/wordpress\/taltour-mit-hoehenmetern\/","title":{"rendered":"Taltour mit H\u00f6henmetern"},"content":{"rendered":"<p>Wir wollten heute etwas k\u00fcrzer treten und nur in das Bav\u0161ica-Tal radeln. Es kam dann doch etwas anders.<\/p>\n<p>Zun\u00e4chst fuhren wir direkt in Bovec am Hang hinauf, durch Viehgatter und \u00fcber steile Rumpelpfade bis zu einem uralten Kirchlein oberhalb der Stra\u00dfe zum Predilpass. Von dort musste das Rad mal wieder schiebenderweise \u00fcber steile Treppen runter bugsiert werden.<\/p>\n<p>Dann fuhren wir auf der Stra\u00dfe bis zur Festung Trdnjava Klu\u017ee. Wir bogen rechts ab ins Bav\u0161ica-Tal. Es ging erst steil bergab, dann arg steil bergan bis zu einem sch\u00f6nen Pl\u00e4tzchen mit Schwertlilien und sch\u00f6nem Blick talaufw\u00e4rts.<\/p>\n<p><img loading=\"lazy\" decoding=\"async\" class=\"wp-image-3488 alignnone size-full\" src=\"https:\/\/truckle.in-chemnitz.de\/wordpress\/wp-content\/uploads\/2019\/06\/img_20190603_113945180_hdr2700273745919200046.jpg\" width=\"3000\" height=\"2250\" srcset=\"https:\/\/truckle.in-chemnitz.de\/wordpress\/wp-content\/uploads\/2019\/06\/img_20190603_113945180_hdr2700273745919200046.jpg 3000w, https:\/\/truckle.in-chemnitz.de\/wordpress\/wp-content\/uploads\/2019\/06\/img_20190603_113945180_hdr2700273745919200046-270x203.jpg 270w, https:\/\/truckle.in-chemnitz.de\/wordpress\/wp-content\/uploads\/2019\/06\/img_20190603_113945180_hdr2700273745919200046-768x576.jpg 768w, https:\/\/truckle.in-chemnitz.de\/wordpress\/wp-content\/uploads\/2019\/06\/img_20190603_113945180_hdr2700273745919200046-600x450.jpg 600w\" sizes=\"auto, (max-width: 3000px) 100vw, 3000px\" \/><\/p>\n<p>Es musste ein ziemlich kleiner Gang her, werden so 14&#8230;16% gewesen sein.<\/p>\n<p>Das Ende des asphaltierten Str\u00e4\u00dfchens war aber f\u00fcr uns auch das Ende der M\u00f6glichkeiten. Wir h\u00e4tten die R\u00e4der anschlie\u00dfen und weiter wandern k\u00f6nnen, hatten dazu aber keine Lust. So begn\u00fcgten wir uns mit einer kurzen Pause in der sch\u00f6nen Gegend und fuhren dann wieder hinab.<\/p>\n<p><img loading=\"lazy\" decoding=\"async\" class=\"wp-image-3489 alignnone size-full\" src=\"https:\/\/truckle.in-chemnitz.de\/wordpress\/wp-content\/uploads\/2019\/06\/img_20190603_115922813_hdr7079707422977023526.jpg\" width=\"2250\" height=\"3000\" srcset=\"https:\/\/truckle.in-chemnitz.de\/wordpress\/wp-content\/uploads\/2019\/06\/img_20190603_115922813_hdr7079707422977023526.jpg 2250w, https:\/\/truckle.in-chemnitz.de\/wordpress\/wp-content\/uploads\/2019\/06\/img_20190603_115922813_hdr7079707422977023526-203x270.jpg 203w, https:\/\/truckle.in-chemnitz.de\/wordpress\/wp-content\/uploads\/2019\/06\/img_20190603_115922813_hdr7079707422977023526-768x1024.jpg 768w, https:\/\/truckle.in-chemnitz.de\/wordpress\/wp-content\/uploads\/2019\/06\/img_20190603_115922813_hdr7079707422977023526-450x600.jpg 450w\" sizes=\"auto, (max-width: 2250px) 100vw, 2250px\" \/><\/p>\n<figure style=\"width: 3000px\" class=\"wp-caption alignnone\"><img loading=\"lazy\" decoding=\"async\" class=\"wp-image-3491 size-full\" src=\"https:\/\/truckle.in-chemnitz.de\/wordpress\/wp-content\/uploads\/2019\/06\/img_20190603_1208432415214756723585867076.jpg\" width=\"3000\" height=\"2250\" srcset=\"https:\/\/truckle.in-chemnitz.de\/wordpress\/wp-content\/uploads\/2019\/06\/img_20190603_1208432415214756723585867076.jpg 3000w, https:\/\/truckle.in-chemnitz.de\/wordpress\/wp-content\/uploads\/2019\/06\/img_20190603_1208432415214756723585867076-270x203.jpg 270w, https:\/\/truckle.in-chemnitz.de\/wordpress\/wp-content\/uploads\/2019\/06\/img_20190603_1208432415214756723585867076-768x576.jpg 768w, https:\/\/truckle.in-chemnitz.de\/wordpress\/wp-content\/uploads\/2019\/06\/img_20190603_1208432415214756723585867076-600x450.jpg 600w\" sizes=\"auto, (max-width: 3000px) 100vw, 3000px\" \/><figcaption class=\"wp-caption-text\">Das letzte fahrbare Wegst\u00fcck<\/figcaption><\/figure>\n<p>Ein kurzer Abstecher brachte uns oberhalb und gegen\u00fcber der Festung zu einem Tunnel mit Schie\u00dfscharten, durch den jetzt ein Wanderweg verl\u00e4uft.<\/p>\n<p><img loading=\"lazy\" decoding=\"async\" class=\"wp-image-3492 alignnone size-full\" src=\"https:\/\/truckle.in-chemnitz.de\/wordpress\/wp-content\/uploads\/2019\/06\/img_20190603_1306040691553818991116112286.jpg\" width=\"3000\" height=\"2250\" srcset=\"https:\/\/truckle.in-chemnitz.de\/wordpress\/wp-content\/uploads\/2019\/06\/img_20190603_1306040691553818991116112286.jpg 3000w, https:\/\/truckle.in-chemnitz.de\/wordpress\/wp-content\/uploads\/2019\/06\/img_20190603_1306040691553818991116112286-270x203.jpg 270w, https:\/\/truckle.in-chemnitz.de\/wordpress\/wp-content\/uploads\/2019\/06\/img_20190603_1306040691553818991116112286-768x576.jpg 768w, https:\/\/truckle.in-chemnitz.de\/wordpress\/wp-content\/uploads\/2019\/06\/img_20190603_1306040691553818991116112286-600x450.jpg 600w\" sizes=\"auto, (max-width: 3000px) 100vw, 3000px\" \/><\/p>\n<p>Dann fuhren wir die Predil-Stra\u00dfe hoch bis zum Ort Log pod Mangartom. Nach einer kurzen Einkehr folgten wir dem Weg ins obere Kortnica-Tal. Erfreulicherweise ist das dort noch sch\u00f6ner als im Bav\u0161ica-Tal, der Weg ist eine gut radelbare und nicht so elend steile Schotterpiste und die Kortnica ist nicht so ausgetrocknet.<\/p>\n<p><img loading=\"lazy\" decoding=\"async\" class=\"wp-image-3493 alignnone size-full\" src=\"https:\/\/truckle.in-chemnitz.de\/wordpress\/wp-content\/uploads\/2019\/06\/img_20190603_143448478_hdr5462568254046889291.jpg\" width=\"3000\" height=\"2250\" srcset=\"https:\/\/truckle.in-chemnitz.de\/wordpress\/wp-content\/uploads\/2019\/06\/img_20190603_143448478_hdr5462568254046889291.jpg 3000w, https:\/\/truckle.in-chemnitz.de\/wordpress\/wp-content\/uploads\/2019\/06\/img_20190603_143448478_hdr5462568254046889291-270x203.jpg 270w, https:\/\/truckle.in-chemnitz.de\/wordpress\/wp-content\/uploads\/2019\/06\/img_20190603_143448478_hdr5462568254046889291-768x576.jpg 768w, https:\/\/truckle.in-chemnitz.de\/wordpress\/wp-content\/uploads\/2019\/06\/img_20190603_143448478_hdr5462568254046889291-600x450.jpg 600w\" sizes=\"auto, (max-width: 3000px) 100vw, 3000px\" \/><\/p>\n<p><img loading=\"lazy\" decoding=\"async\" class=\"wp-image-3496 alignnone size-full\" src=\"https:\/\/truckle.in-chemnitz.de\/wordpress\/wp-content\/uploads\/2019\/06\/img_20190603_1555504205395974720503088090.jpg\" width=\"3000\" height=\"2250\" srcset=\"https:\/\/truckle.in-chemnitz.de\/wordpress\/wp-content\/uploads\/2019\/06\/img_20190603_1555504205395974720503088090.jpg 3000w, https:\/\/truckle.in-chemnitz.de\/wordpress\/wp-content\/uploads\/2019\/06\/img_20190603_1555504205395974720503088090-270x203.jpg 270w, https:\/\/truckle.in-chemnitz.de\/wordpress\/wp-content\/uploads\/2019\/06\/img_20190603_1555504205395974720503088090-768x576.jpg 768w, https:\/\/truckle.in-chemnitz.de\/wordpress\/wp-content\/uploads\/2019\/06\/img_20190603_1555504205395974720503088090-600x450.jpg 600w\" sizes=\"auto, (max-width: 3000px) 100vw, 3000px\" \/><\/p>\n<p><img loading=\"lazy\" decoding=\"async\" class=\"wp-image-3495 alignnone size-full\" src=\"https:\/\/truckle.in-chemnitz.de\/wordpress\/wp-content\/uploads\/2019\/06\/img_20190603_1603251862113874846170947837.jpg\" width=\"2250\" height=\"3000\" srcset=\"https:\/\/truckle.in-chemnitz.de\/wordpress\/wp-content\/uploads\/2019\/06\/img_20190603_1603251862113874846170947837.jpg 2250w, https:\/\/truckle.in-chemnitz.de\/wordpress\/wp-content\/uploads\/2019\/06\/img_20190603_1603251862113874846170947837-203x270.jpg 203w, https:\/\/truckle.in-chemnitz.de\/wordpress\/wp-content\/uploads\/2019\/06\/img_20190603_1603251862113874846170947837-768x1024.jpg 768w, https:\/\/truckle.in-chemnitz.de\/wordpress\/wp-content\/uploads\/2019\/06\/img_20190603_1603251862113874846170947837-450x600.jpg 450w\" sizes=\"auto, (max-width: 2250px) 100vw, 2250px\" \/><\/p>\n<figure style=\"width: 3000px\" class=\"wp-caption alignnone\"><img loading=\"lazy\" decoding=\"async\" class=\"wp-image-3494 size-full\" src=\"https:\/\/truckle.in-chemnitz.de\/wordpress\/wp-content\/uploads\/2019\/06\/img_20190603_163451440_hdr8705468163853664736.jpg\" width=\"3000\" height=\"2250\" srcset=\"https:\/\/truckle.in-chemnitz.de\/wordpress\/wp-content\/uploads\/2019\/06\/img_20190603_163451440_hdr8705468163853664736.jpg 3000w, https:\/\/truckle.in-chemnitz.de\/wordpress\/wp-content\/uploads\/2019\/06\/img_20190603_163451440_hdr8705468163853664736-270x203.jpg 270w, https:\/\/truckle.in-chemnitz.de\/wordpress\/wp-content\/uploads\/2019\/06\/img_20190603_163451440_hdr8705468163853664736-768x576.jpg 768w, https:\/\/truckle.in-chemnitz.de\/wordpress\/wp-content\/uploads\/2019\/06\/img_20190603_163451440_hdr8705468163853664736-600x450.jpg 600w\" sizes=\"auto, (max-width: 3000px) 100vw, 3000px\" \/><figcaption class=\"wp-caption-text\">Talausw\u00e4rts Richtung Log pod Mangartom<\/figcaption><\/figure>\n<p>Nach zwei Pausen direkt am Bach und einer rasanten Talfahrt zur\u00fcck nach Bovec steuerten wir noch die Kneipe auf dem Zeltplatz bei der M\u00fcndung der Kortnica in die So\u010da an. Die Forelle war super-lecker.<\/p>\n<figure style=\"width: 3000px\" class=\"wp-caption alignnone\"><img loading=\"lazy\" decoding=\"async\" class=\"size-full wp-image-3502\" src=\"https:\/\/truckle.in-chemnitz.de\/wordpress\/wp-content\/uploads\/2019\/06\/img_20190603_1825386778428572139122000766.jpg\" width=\"3000\" height=\"2250\" srcset=\"https:\/\/truckle.in-chemnitz.de\/wordpress\/wp-content\/uploads\/2019\/06\/img_20190603_1825386778428572139122000766.jpg 3000w, https:\/\/truckle.in-chemnitz.de\/wordpress\/wp-content\/uploads\/2019\/06\/img_20190603_1825386778428572139122000766-270x203.jpg 270w, https:\/\/truckle.in-chemnitz.de\/wordpress\/wp-content\/uploads\/2019\/06\/img_20190603_1825386778428572139122000766-768x576.jpg 768w, https:\/\/truckle.in-chemnitz.de\/wordpress\/wp-content\/uploads\/2019\/06\/img_20190603_1825386778428572139122000766-600x450.jpg 600w\" sizes=\"auto, (max-width: 3000px) 100vw, 3000px\" \/><figcaption class=\"wp-caption-text\">Wegweiser f\u00fcr durstige Radler zum n\u00e4chsten &#x1f37a;<\/figcaption><\/figure>\n<figure style=\"width: 3000px\" class=\"wp-caption alignnone\"><img loading=\"lazy\" decoding=\"async\" class=\"wp-image-3497 size-full\" src=\"https:\/\/truckle.in-chemnitz.de\/wordpress\/wp-content\/uploads\/2019\/06\/img_20190603_182826269_hdr2876275399405626486.jpg\" width=\"3000\" height=\"2250\" srcset=\"https:\/\/truckle.in-chemnitz.de\/wordpress\/wp-content\/uploads\/2019\/06\/img_20190603_182826269_hdr2876275399405626486.jpg 3000w, https:\/\/truckle.in-chemnitz.de\/wordpress\/wp-content\/uploads\/2019\/06\/img_20190603_182826269_hdr2876275399405626486-270x203.jpg 270w, https:\/\/truckle.in-chemnitz.de\/wordpress\/wp-content\/uploads\/2019\/06\/img_20190603_182826269_hdr2876275399405626486-768x576.jpg 768w, https:\/\/truckle.in-chemnitz.de\/wordpress\/wp-content\/uploads\/2019\/06\/img_20190603_182826269_hdr2876275399405626486-600x450.jpg 600w\" sizes=\"auto, (max-width: 3000px) 100vw, 3000px\" \/><figcaption class=\"wp-caption-text\">Wankende H\u00e4ngebr\u00fccke \u00fcber die Kortnica<\/figcaption><\/figure>\n<p><img loading=\"lazy\" decoding=\"async\" class=\"wp-image-3498 alignnone size-full\" src=\"https:\/\/truckle.in-chemnitz.de\/wordpress\/wp-content\/uploads\/2019\/06\/img_20190603_182606594_hdr7599445786670173495.jpg\" width=\"3000\" height=\"2250\" srcset=\"https:\/\/truckle.in-chemnitz.de\/wordpress\/wp-content\/uploads\/2019\/06\/img_20190603_182606594_hdr7599445786670173495.jpg 3000w, https:\/\/truckle.in-chemnitz.de\/wordpress\/wp-content\/uploads\/2019\/06\/img_20190603_182606594_hdr7599445786670173495-270x203.jpg 270w, https:\/\/truckle.in-chemnitz.de\/wordpress\/wp-content\/uploads\/2019\/06\/img_20190603_182606594_hdr7599445786670173495-768x576.jpg 768w, https:\/\/truckle.in-chemnitz.de\/wordpress\/wp-content\/uploads\/2019\/06\/img_20190603_182606594_hdr7599445786670173495-600x450.jpg 600w\" sizes=\"auto, (max-width: 3000px) 100vw, 3000px\" \/><br \/>\nInsgesamt sind wir nur 45km gefahren, haben dabei aber fast 1800 H\u00f6henmeter erklommen.<\/p>\n","protected":false},"excerpt":{"rendered":"<p>Wir wollten heute etwas k\u00fcrzer treten und nur in das Bav\u0161ica-Tal radeln. Es kam dann doch etwas anders. Zun\u00e4chst fuhren wir direkt in Bovec am Hang hinauf, durch Viehgatter und \u00fcber steile Rumpelpfade bis zu einem uralten Kirchlein oberhalb der Stra\u00dfe zum Predilpass. Von dort musste das Rad mal wieder schiebenderweise \u00fcber steile Treppen runter &hellip; <a href=\"https:\/\/truckle.in-chemnitz.de\/wordpress\/taltour-mit-hoehenmetern\/\" class=\"more-link\"><span class=\"screen-reader-text\">Taltour mit H\u00f6henmetern<\/span> weiterlesen <span class=\"meta-nav\">&rarr;<\/span><\/a><\/p>\n","protected":false},"author":1,"featured_media":0,"comment_status":"open","ping_status":"open","sticky":false,"template":"","format":"standard","meta":{"footnotes":""},"categories":[1],"tags":[],"class_list":["post-3499","post","type-post","status-publish","format-standard","hentry","category-allgemein"],"_links":{"self":[{"href":"https:\/\/truckle.in-chemnitz.de\/wordpress\/wp-json\/wp\/v2\/posts\/3499","targetHints":{"allow":["GET"]}}],"collection":[{"href":"https:\/\/truckle.in-chemnitz.de\/wordpress\/wp-json\/wp\/v2\/posts"}],"about":[{"href":"https:\/\/truckle.in-chemnitz.de\/wordpress\/wp-json\/wp\/v2\/types\/post"}],"author":[{"embeddable":true,"href":"https:\/\/truckle.in-chemnitz.de\/wordpress\/wp-json\/wp\/v2\/users\/1"}],"replies":[{"embeddable":true,"href":"https:\/\/truckle.in-chemnitz.de\/wordpress\/wp-json\/wp\/v2\/comments?post=3499"}],"version-history":[{"count":4,"href":"https:\/\/truckle.in-chemnitz.de\/wordpress\/wp-json\/wp\/v2\/posts\/3499\/revisions"}],"predecessor-version":[{"id":3519,"href":"https:\/\/truckle.in-chemnitz.de\/wordpress\/wp-json\/wp\/v2\/posts\/3499\/revisions\/3519"}],"wp:attachment":[{"href":"https:\/\/truckle.in-chemnitz.de\/wordpress\/wp-json\/wp\/v2\/media?parent=3499"}],"wp:term":[{"taxonomy":"category","embeddable":true,"href":"https:\/\/truckle.in-chemnitz.de\/wordpress\/wp-json\/wp\/v2\/categories?post=3499"},{"taxonomy":"post_tag","embeddable":true,"href":"https:\/\/truckle.in-chemnitz.de\/wordpress\/wp-json\/wp\/v2\/tags?post=3499"}],"curies":[{"name":"wp","href":"https:\/\/api.w.org\/{rel}","templated":true}]}}