{"id":37,"date":"2011-08-05T22:16:12","date_gmt":"2011-08-05T20:16:12","guid":{"rendered":"http:\/\/truckle.in-chemnitz.de\/wordpress\/?p=37"},"modified":"2012-06-21T21:01:32","modified_gmt":"2012-06-21T19:01:32","slug":"frankreich-2011-etappe-7","status":"publish","type":"post","link":"https:\/\/truckle.in-chemnitz.de\/wordpress\/frankreich-2011-etappe-7\/","title":{"rendered":"Frankreich 2011, Etappe 7"},"content":{"rendered":"<p><img decoding=\"async\" style=\"display:block;margin-right:auto;margin-left:auto;\" alt=\"image\" src=\"http:\/\/truckle.in-chemnitz.de\/wordpress\/wp-content\/uploads\/2011\/08\/wpid-IMG_20110805_141754.jpg\" \/><\/p>\n<p>150km<\/p>\n<p>Start war erst kurz nach 9, da gestern Abend au\u00dfer Schaltungsreparatur nichts mehr fertig geworden ist.<\/p>\n<p>\u00dcbermotiviert bin ich recht schnell wieder am Kanal langgeradelt. Nach 10km hab ich erst gemerkt, dass ich den falschen Kanal erwischt hatte und viel zu weit westlich war. Ich hab dann das beste draus gemacht und bin \u00fcber kleine Nebenstra\u00dfen s\u00fcdw\u00e4rts gefahren. Die Gegend wurde immer h\u00fcgeliger. \u00d6stlich von Vichy waren das dann schon ganz sch\u00f6ne Berge, oben kleine Orte, die H\u00e4nge meist als Weide genutzt und in den tief eingeschnittenen T\u00e4lern stiller und wild wachsender Wald.<\/p>\n<p>In Bouzel erhebt sich \u00fcber dem Ort ein beeindruckend gro\u00dfes Schloss. Von dort geht der Blick weit hinunter ins Tal des Allier und dar\u00fcber bis zu den Vulkanen um Clermont-Ferrand und den Bergen des Massiv Central.<\/p>\n<p>Die Abfahrt da hinunter war entsprechend lang. \u00dcberhaupt war die zweite Tagesh\u00e4lfte gepr\u00e4gt von st\u00e4ndigem Auf und Ab auf serpentinenreichen Strecken. Kurz vor dem Tagesziel, Orcet, ging mein Weg vorbei an der Kirche aus dem 13. Jahrhundert in Veraizon \u00fcber einen mit Sonnenblumenfeldern ges\u00e4umten Berg, sch\u00f6n und anstrengend.<\/p>\n<p>Von Clermont nach Orcet f\u00fchrt ein v\u00f6llig idiotisch angelegter Radweg, beide Richtungen f\u00fcr Radler zusammen neben der vielbefahrenen Stra\u00dfe und vor jeder Kreuzung war dieser einfach zu Ende.<\/p>\n","protected":false},"excerpt":{"rendered":"<p>150km Start war erst kurz nach 9, da gestern Abend au\u00dfer Schaltungsreparatur nichts mehr fertig geworden ist. \u00dcbermotiviert bin ich recht schnell wieder am Kanal langgeradelt. Nach 10km hab ich erst gemerkt, dass ich den falschen Kanal erwischt hatte und viel zu weit westlich war. Ich hab dann das beste draus gemacht und bin \u00fcber &hellip; <a href=\"https:\/\/truckle.in-chemnitz.de\/wordpress\/frankreich-2011-etappe-7\/\" class=\"more-link\"><span class=\"screen-reader-text\">Frankreich 2011, Etappe 7<\/span> weiterlesen <span class=\"meta-nav\">&rarr;<\/span><\/a><\/p>\n","protected":false},"author":1,"featured_media":0,"comment_status":"open","ping_status":"open","sticky":false,"template":"","format":"standard","meta":{"footnotes":""},"categories":[3],"tags":[7,16],"class_list":["post-37","post","type-post","status-publish","format-standard","hentry","category-rad","tag-frankreich","tag-vichy"],"_links":{"self":[{"href":"https:\/\/truckle.in-chemnitz.de\/wordpress\/wp-json\/wp\/v2\/posts\/37","targetHints":{"allow":["GET"]}}],"collection":[{"href":"https:\/\/truckle.in-chemnitz.de\/wordpress\/wp-json\/wp\/v2\/posts"}],"about":[{"href":"https:\/\/truckle.in-chemnitz.de\/wordpress\/wp-json\/wp\/v2\/types\/post"}],"author":[{"embeddable":true,"href":"https:\/\/truckle.in-chemnitz.de\/wordpress\/wp-json\/wp\/v2\/users\/1"}],"replies":[{"embeddable":true,"href":"https:\/\/truckle.in-chemnitz.de\/wordpress\/wp-json\/wp\/v2\/comments?post=37"}],"version-history":[{"count":2,"href":"https:\/\/truckle.in-chemnitz.de\/wordpress\/wp-json\/wp\/v2\/posts\/37\/revisions"}],"predecessor-version":[{"id":667,"href":"https:\/\/truckle.in-chemnitz.de\/wordpress\/wp-json\/wp\/v2\/posts\/37\/revisions\/667"}],"wp:attachment":[{"href":"https:\/\/truckle.in-chemnitz.de\/wordpress\/wp-json\/wp\/v2\/media?parent=37"}],"wp:term":[{"taxonomy":"category","embeddable":true,"href":"https:\/\/truckle.in-chemnitz.de\/wordpress\/wp-json\/wp\/v2\/categories?post=37"},{"taxonomy":"post_tag","embeddable":true,"href":"https:\/\/truckle.in-chemnitz.de\/wordpress\/wp-json\/wp\/v2\/tags?post=37"}],"curies":[{"name":"wp","href":"https:\/\/api.w.org\/{rel}","templated":true}]}}