{"id":3863,"date":"2022-09-30T21:52:21","date_gmt":"2022-09-30T19:52:21","guid":{"rendered":"https:\/\/truckle.in-chemnitz.de\/wordpress\/?p=3863"},"modified":"2022-09-30T22:00:30","modified_gmt":"2022-09-30T20:00:30","slug":"karnischer-hoehenweg","status":"publish","type":"post","link":"https:\/\/truckle.in-chemnitz.de\/wordpress\/karnischer-hoehenweg\/","title":{"rendered":"Karnischer H\u00f6henweg"},"content":{"rendered":"\n<p>Wir fuhren heute morgen mit der Seilbahn bis auf ca. 2000m und wanderten Richtung Helm.<\/p>\n\n\n\n<figure class=\"wp-block-image size-large\"><a href=\"https:\/\/truckle.in-chemnitz.de\/wordpress\/wp-content\/uploads\/2022\/09\/20220930_1052162614400820871533913-450x600.jpg\"><img loading=\"lazy\" decoding=\"async\" width=\"450\" height=\"600\" src=\"https:\/\/truckle.in-chemnitz.de\/wordpress\/wp-content\/uploads\/2022\/09\/20220930_1052162614400820871533913-450x600.jpg\" alt=\"\" class=\"wp-image-3842\" srcset=\"https:\/\/truckle.in-chemnitz.de\/wordpress\/wp-content\/uploads\/2022\/09\/20220930_1052162614400820871533913-450x600.jpg 450w, https:\/\/truckle.in-chemnitz.de\/wordpress\/wp-content\/uploads\/2022\/09\/20220930_1052162614400820871533913-203x270.jpg 203w, https:\/\/truckle.in-chemnitz.de\/wordpress\/wp-content\/uploads\/2022\/09\/20220930_1052162614400820871533913-768x1024.jpg 768w, https:\/\/truckle.in-chemnitz.de\/wordpress\/wp-content\/uploads\/2022\/09\/20220930_1052162614400820871533913-1152x1536.jpg 1152w, https:\/\/truckle.in-chemnitz.de\/wordpress\/wp-content\/uploads\/2022\/09\/20220930_1052162614400820871533913-1536x2048.jpg 1536w, https:\/\/truckle.in-chemnitz.de\/wordpress\/wp-content\/uploads\/2022\/09\/20220930_1052162614400820871533913-scaled.jpg 1920w\" sizes=\"auto, (max-width: 450px) 100vw, 450px\" \/><\/a><\/figure>\n\n\n\n<p>Am Wegesrand waren viele Preisel- und einige wenige Heidelbeeren zu finden.<\/p>\n\n\n\n<figure class=\"wp-block-image size-large\"><a href=\"https:\/\/truckle.in-chemnitz.de\/wordpress\/wp-content\/uploads\/2022\/09\/20220930_110056-600x450.jpg\"><img loading=\"lazy\" decoding=\"async\" width=\"600\" height=\"450\" src=\"https:\/\/truckle.in-chemnitz.de\/wordpress\/wp-content\/uploads\/2022\/09\/20220930_110056-600x450.jpg\" alt=\"\" class=\"wp-image-3843\" srcset=\"https:\/\/truckle.in-chemnitz.de\/wordpress\/wp-content\/uploads\/2022\/09\/20220930_110056-600x450.jpg 600w, https:\/\/truckle.in-chemnitz.de\/wordpress\/wp-content\/uploads\/2022\/09\/20220930_110056-270x203.jpg 270w, https:\/\/truckle.in-chemnitz.de\/wordpress\/wp-content\/uploads\/2022\/09\/20220930_110056-768x576.jpg 768w, https:\/\/truckle.in-chemnitz.de\/wordpress\/wp-content\/uploads\/2022\/09\/20220930_110056-1536x1152.jpg 1536w, https:\/\/truckle.in-chemnitz.de\/wordpress\/wp-content\/uploads\/2022\/09\/20220930_110056-2048x1536.jpg 2048w\" sizes=\"auto, (max-width: 600px) 100vw, 600px\" \/><\/a><\/figure>\n\n\n\n<figure class=\"wp-block-image size-large\"><a href=\"https:\/\/truckle.in-chemnitz.de\/wordpress\/wp-content\/uploads\/2022\/09\/20220930_111050-600x450.jpg\"><img loading=\"lazy\" decoding=\"async\" width=\"600\" height=\"450\" src=\"https:\/\/truckle.in-chemnitz.de\/wordpress\/wp-content\/uploads\/2022\/09\/20220930_111050-600x450.jpg\" alt=\"\" class=\"wp-image-3844\" srcset=\"https:\/\/truckle.in-chemnitz.de\/wordpress\/wp-content\/uploads\/2022\/09\/20220930_111050-600x450.jpg 600w, https:\/\/truckle.in-chemnitz.de\/wordpress\/wp-content\/uploads\/2022\/09\/20220930_111050-270x203.jpg 270w, https:\/\/truckle.in-chemnitz.de\/wordpress\/wp-content\/uploads\/2022\/09\/20220930_111050-768x576.jpg 768w, https:\/\/truckle.in-chemnitz.de\/wordpress\/wp-content\/uploads\/2022\/09\/20220930_111050-1536x1152.jpg 1536w, https:\/\/truckle.in-chemnitz.de\/wordpress\/wp-content\/uploads\/2022\/09\/20220930_111050-2048x1536.jpg 2048w\" sizes=\"auto, (max-width: 600px) 100vw, 600px\" \/><\/a><\/figure>\n\n\n\n<p>Leider gab es so gut wie keine Aussicht<\/p>\n\n\n\n<figure class=\"wp-block-image size-large\"><a href=\"https:\/\/truckle.in-chemnitz.de\/wordpress\/wp-content\/uploads\/2022\/09\/20220930_11074079344745017371553-450x600.jpg\"><img loading=\"lazy\" decoding=\"async\" width=\"450\" height=\"600\" src=\"https:\/\/truckle.in-chemnitz.de\/wordpress\/wp-content\/uploads\/2022\/09\/20220930_11074079344745017371553-450x600.jpg\" alt=\"\" class=\"wp-image-3845\" srcset=\"https:\/\/truckle.in-chemnitz.de\/wordpress\/wp-content\/uploads\/2022\/09\/20220930_11074079344745017371553-450x600.jpg 450w, https:\/\/truckle.in-chemnitz.de\/wordpress\/wp-content\/uploads\/2022\/09\/20220930_11074079344745017371553-203x270.jpg 203w, https:\/\/truckle.in-chemnitz.de\/wordpress\/wp-content\/uploads\/2022\/09\/20220930_11074079344745017371553-768x1024.jpg 768w, https:\/\/truckle.in-chemnitz.de\/wordpress\/wp-content\/uploads\/2022\/09\/20220930_11074079344745017371553-1152x1536.jpg 1152w, https:\/\/truckle.in-chemnitz.de\/wordpress\/wp-content\/uploads\/2022\/09\/20220930_11074079344745017371553-1536x2048.jpg 1536w, https:\/\/truckle.in-chemnitz.de\/wordpress\/wp-content\/uploads\/2022\/09\/20220930_11074079344745017371553-scaled.jpg 1920w\" sizes=\"auto, (max-width: 450px) 100vw, 450px\" \/><\/a><figcaption class=\"wp-element-caption\">Talblick<\/figcaption><\/figure>\n\n\n\n<figure class=\"wp-block-image size-large\"><a href=\"https:\/\/truckle.in-chemnitz.de\/wordpress\/wp-content\/uploads\/2022\/09\/20220930_1108076660150796848927070-450x600.jpg\"><img loading=\"lazy\" decoding=\"async\" width=\"450\" height=\"600\" src=\"https:\/\/truckle.in-chemnitz.de\/wordpress\/wp-content\/uploads\/2022\/09\/20220930_1108076660150796848927070-450x600.jpg\" alt=\"\" class=\"wp-image-3846\" srcset=\"https:\/\/truckle.in-chemnitz.de\/wordpress\/wp-content\/uploads\/2022\/09\/20220930_1108076660150796848927070-450x600.jpg 450w, https:\/\/truckle.in-chemnitz.de\/wordpress\/wp-content\/uploads\/2022\/09\/20220930_1108076660150796848927070-203x270.jpg 203w, https:\/\/truckle.in-chemnitz.de\/wordpress\/wp-content\/uploads\/2022\/09\/20220930_1108076660150796848927070-768x1024.jpg 768w, https:\/\/truckle.in-chemnitz.de\/wordpress\/wp-content\/uploads\/2022\/09\/20220930_1108076660150796848927070-1152x1536.jpg 1152w, https:\/\/truckle.in-chemnitz.de\/wordpress\/wp-content\/uploads\/2022\/09\/20220930_1108076660150796848927070-1536x2048.jpg 1536w, https:\/\/truckle.in-chemnitz.de\/wordpress\/wp-content\/uploads\/2022\/09\/20220930_1108076660150796848927070-scaled.jpg 1920w\" sizes=\"auto, (max-width: 450px) 100vw, 450px\" \/><\/a><figcaption class=\"wp-element-caption\">Bergblick<\/figcaption><\/figure>\n\n\n\n<p>Ab dem Lenkfeldsattel erreicht man den Kamm der Bergkette und damit die Grenze zwischen \u00d6sterreich und Italien. Hier verl\u00e4uft auch der karnische H\u00f6henweg und nahezu deckungsgleich der Stoneman-Trail<\/p>\n\n\n\n<figure class=\"wp-block-image size-large\"><img loading=\"lazy\" decoding=\"async\" width=\"450\" height=\"600\" src=\"https:\/\/truckle.in-chemnitz.de\/wordpress\/wp-content\/uploads\/2022\/09\/20220930_1134238500734326042873232-450x600.jpg\" alt=\"\" class=\"wp-image-3847\" srcset=\"https:\/\/truckle.in-chemnitz.de\/wordpress\/wp-content\/uploads\/2022\/09\/20220930_1134238500734326042873232-450x600.jpg 450w, https:\/\/truckle.in-chemnitz.de\/wordpress\/wp-content\/uploads\/2022\/09\/20220930_1134238500734326042873232-203x270.jpg 203w, https:\/\/truckle.in-chemnitz.de\/wordpress\/wp-content\/uploads\/2022\/09\/20220930_1134238500734326042873232-768x1024.jpg 768w, https:\/\/truckle.in-chemnitz.de\/wordpress\/wp-content\/uploads\/2022\/09\/20220930_1134238500734326042873232-1152x1536.jpg 1152w, https:\/\/truckle.in-chemnitz.de\/wordpress\/wp-content\/uploads\/2022\/09\/20220930_1134238500734326042873232-1536x2048.jpg 1536w, https:\/\/truckle.in-chemnitz.de\/wordpress\/wp-content\/uploads\/2022\/09\/20220930_1134238500734326042873232-scaled.jpg 1920w\" sizes=\"auto, (max-width: 450px) 100vw, 450px\" \/><\/figure>\n\n\n\n<figure class=\"wp-block-image size-large\"><img loading=\"lazy\" decoding=\"async\" width=\"450\" height=\"600\" src=\"https:\/\/truckle.in-chemnitz.de\/wordpress\/wp-content\/uploads\/2022\/09\/20220930_1147183147077783564456635-450x600.jpg\" alt=\"\" class=\"wp-image-3848\" srcset=\"https:\/\/truckle.in-chemnitz.de\/wordpress\/wp-content\/uploads\/2022\/09\/20220930_1147183147077783564456635-450x600.jpg 450w, https:\/\/truckle.in-chemnitz.de\/wordpress\/wp-content\/uploads\/2022\/09\/20220930_1147183147077783564456635-203x270.jpg 203w, https:\/\/truckle.in-chemnitz.de\/wordpress\/wp-content\/uploads\/2022\/09\/20220930_1147183147077783564456635-768x1024.jpg 768w, https:\/\/truckle.in-chemnitz.de\/wordpress\/wp-content\/uploads\/2022\/09\/20220930_1147183147077783564456635-1152x1536.jpg 1152w, https:\/\/truckle.in-chemnitz.de\/wordpress\/wp-content\/uploads\/2022\/09\/20220930_1147183147077783564456635-1536x2048.jpg 1536w, https:\/\/truckle.in-chemnitz.de\/wordpress\/wp-content\/uploads\/2022\/09\/20220930_1147183147077783564456635-scaled.jpg 1920w\" sizes=\"auto, (max-width: 450px) 100vw, 450px\" \/><figcaption class=\"wp-element-caption\">Lenkfeld-Sattel<\/figcaption><\/figure>\n\n\n\n<figure class=\"wp-block-image size-large\"><img loading=\"lazy\" decoding=\"async\" width=\"450\" height=\"600\" src=\"https:\/\/truckle.in-chemnitz.de\/wordpress\/wp-content\/uploads\/2022\/09\/20220930_1150464714633590211390450-450x600.jpg\" alt=\"\" class=\"wp-image-3850\" srcset=\"https:\/\/truckle.in-chemnitz.de\/wordpress\/wp-content\/uploads\/2022\/09\/20220930_1150464714633590211390450-450x600.jpg 450w, https:\/\/truckle.in-chemnitz.de\/wordpress\/wp-content\/uploads\/2022\/09\/20220930_1150464714633590211390450-203x270.jpg 203w, https:\/\/truckle.in-chemnitz.de\/wordpress\/wp-content\/uploads\/2022\/09\/20220930_1150464714633590211390450-768x1024.jpg 768w, https:\/\/truckle.in-chemnitz.de\/wordpress\/wp-content\/uploads\/2022\/09\/20220930_1150464714633590211390450-1152x1536.jpg 1152w, https:\/\/truckle.in-chemnitz.de\/wordpress\/wp-content\/uploads\/2022\/09\/20220930_1150464714633590211390450-1536x2048.jpg 1536w, https:\/\/truckle.in-chemnitz.de\/wordpress\/wp-content\/uploads\/2022\/09\/20220930_1150464714633590211390450-scaled.jpg 1920w\" sizes=\"auto, (max-width: 450px) 100vw, 450px\" \/><figcaption class=\"wp-element-caption\">Stempelstelle<\/figcaption><\/figure>\n\n\n\n<p>Wenig weiter erreichten wir die Silianer H\u00fctte und w\u00e4rmten uns bei Kakao und Apfel- bzw. Topfenstrudel erst einmal auf <\/p>\n\n\n\n<figure class=\"wp-block-image size-large\"><img loading=\"lazy\" decoding=\"async\" width=\"450\" height=\"600\" src=\"https:\/\/truckle.in-chemnitz.de\/wordpress\/wp-content\/uploads\/2022\/09\/20220930_1231134670234845286490614-450x600.jpg\" alt=\"\" class=\"wp-image-3849\" srcset=\"https:\/\/truckle.in-chemnitz.de\/wordpress\/wp-content\/uploads\/2022\/09\/20220930_1231134670234845286490614-450x600.jpg 450w, https:\/\/truckle.in-chemnitz.de\/wordpress\/wp-content\/uploads\/2022\/09\/20220930_1231134670234845286490614-203x270.jpg 203w, https:\/\/truckle.in-chemnitz.de\/wordpress\/wp-content\/uploads\/2022\/09\/20220930_1231134670234845286490614-768x1024.jpg 768w, https:\/\/truckle.in-chemnitz.de\/wordpress\/wp-content\/uploads\/2022\/09\/20220930_1231134670234845286490614-1152x1536.jpg 1152w, https:\/\/truckle.in-chemnitz.de\/wordpress\/wp-content\/uploads\/2022\/09\/20220930_1231134670234845286490614-1536x2048.jpg 1536w, https:\/\/truckle.in-chemnitz.de\/wordpress\/wp-content\/uploads\/2022\/09\/20220930_1231134670234845286490614-scaled.jpg 1920w\" sizes=\"auto, (max-width: 450px) 100vw, 450px\" \/><\/figure>\n\n\n\n<figure class=\"wp-block-image size-large\"><a href=\"https:\/\/truckle.in-chemnitz.de\/wordpress\/wp-content\/uploads\/2022\/09\/20220930_1230591571951124762310298-450x600.jpg\"><img loading=\"lazy\" decoding=\"async\" width=\"450\" height=\"600\" src=\"https:\/\/truckle.in-chemnitz.de\/wordpress\/wp-content\/uploads\/2022\/09\/20220930_1230591571951124762310298-450x600.jpg\" alt=\"\" class=\"wp-image-3851\" srcset=\"https:\/\/truckle.in-chemnitz.de\/wordpress\/wp-content\/uploads\/2022\/09\/20220930_1230591571951124762310298-450x600.jpg 450w, https:\/\/truckle.in-chemnitz.de\/wordpress\/wp-content\/uploads\/2022\/09\/20220930_1230591571951124762310298-203x270.jpg 203w, https:\/\/truckle.in-chemnitz.de\/wordpress\/wp-content\/uploads\/2022\/09\/20220930_1230591571951124762310298-768x1024.jpg 768w, https:\/\/truckle.in-chemnitz.de\/wordpress\/wp-content\/uploads\/2022\/09\/20220930_1230591571951124762310298-1152x1536.jpg 1152w, https:\/\/truckle.in-chemnitz.de\/wordpress\/wp-content\/uploads\/2022\/09\/20220930_1230591571951124762310298-1536x2048.jpg 1536w, https:\/\/truckle.in-chemnitz.de\/wordpress\/wp-content\/uploads\/2022\/09\/20220930_1230591571951124762310298-scaled.jpg 1920w\" sizes=\"auto, (max-width: 450px) 100vw, 450px\" \/><\/a><\/figure>\n\n\n\n<p>Der Weg vom Sattel zur H\u00fctte und auch so manche Stelle im weiteren Verlauf sind f\u00fcr normalsterbliche Biker unfahrbar &#8211; entweder zu steil oder zu verblockt.<\/p>\n\n\n\n<figure class=\"wp-block-image size-large\"><img loading=\"lazy\" decoding=\"async\" width=\"450\" height=\"600\" src=\"https:\/\/truckle.in-chemnitz.de\/wordpress\/wp-content\/uploads\/2022\/09\/20220930_1241413465671519417545932-450x600.jpg\" alt=\"\" class=\"wp-image-3852\" srcset=\"https:\/\/truckle.in-chemnitz.de\/wordpress\/wp-content\/uploads\/2022\/09\/20220930_1241413465671519417545932-450x600.jpg 450w, https:\/\/truckle.in-chemnitz.de\/wordpress\/wp-content\/uploads\/2022\/09\/20220930_1241413465671519417545932-203x270.jpg 203w, https:\/\/truckle.in-chemnitz.de\/wordpress\/wp-content\/uploads\/2022\/09\/20220930_1241413465671519417545932-768x1024.jpg 768w, https:\/\/truckle.in-chemnitz.de\/wordpress\/wp-content\/uploads\/2022\/09\/20220930_1241413465671519417545932-1152x1536.jpg 1152w, https:\/\/truckle.in-chemnitz.de\/wordpress\/wp-content\/uploads\/2022\/09\/20220930_1241413465671519417545932-1536x2048.jpg 1536w, https:\/\/truckle.in-chemnitz.de\/wordpress\/wp-content\/uploads\/2022\/09\/20220930_1241413465671519417545932-scaled.jpg 1920w\" sizes=\"auto, (max-width: 450px) 100vw, 450px\" \/><figcaption class=\"wp-element-caption\">Berg Hornischegg, 2550m<\/figcaption><\/figure>\n\n\n\n<p>Wir umgingen den Hornischegg auf der Nordseite. Teilweise lag hier eine Menge rutschige wei\u00dfe Pampe<\/p>\n\n\n\n<figure class=\"wp-block-image size-large\"><a href=\"https:\/\/truckle.in-chemnitz.de\/wordpress\/wp-content\/uploads\/2022\/09\/20220930_1307497684277720160268392-450x600.jpg\"><img loading=\"lazy\" decoding=\"async\" width=\"450\" height=\"600\" src=\"https:\/\/truckle.in-chemnitz.de\/wordpress\/wp-content\/uploads\/2022\/09\/20220930_1307497684277720160268392-450x600.jpg\" alt=\"\" class=\"wp-image-3853\" srcset=\"https:\/\/truckle.in-chemnitz.de\/wordpress\/wp-content\/uploads\/2022\/09\/20220930_1307497684277720160268392-450x600.jpg 450w, https:\/\/truckle.in-chemnitz.de\/wordpress\/wp-content\/uploads\/2022\/09\/20220930_1307497684277720160268392-203x270.jpg 203w, https:\/\/truckle.in-chemnitz.de\/wordpress\/wp-content\/uploads\/2022\/09\/20220930_1307497684277720160268392-768x1024.jpg 768w, https:\/\/truckle.in-chemnitz.de\/wordpress\/wp-content\/uploads\/2022\/09\/20220930_1307497684277720160268392-1152x1536.jpg 1152w, https:\/\/truckle.in-chemnitz.de\/wordpress\/wp-content\/uploads\/2022\/09\/20220930_1307497684277720160268392-1536x2048.jpg 1536w, https:\/\/truckle.in-chemnitz.de\/wordpress\/wp-content\/uploads\/2022\/09\/20220930_1307497684277720160268392-scaled.jpg 1920w\" sizes=\"auto, (max-width: 450px) 100vw, 450px\" \/><\/a><\/figure>\n\n\n\n<figure class=\"wp-block-image size-large\"><a href=\"https:\/\/truckle.in-chemnitz.de\/wordpress\/wp-content\/uploads\/2022\/09\/20220930_1308584979510972250230202-450x600.jpg\"><img loading=\"lazy\" decoding=\"async\" width=\"450\" height=\"600\" src=\"https:\/\/truckle.in-chemnitz.de\/wordpress\/wp-content\/uploads\/2022\/09\/20220930_1308584979510972250230202-450x600.jpg\" alt=\"\" class=\"wp-image-3854\" srcset=\"https:\/\/truckle.in-chemnitz.de\/wordpress\/wp-content\/uploads\/2022\/09\/20220930_1308584979510972250230202-450x600.jpg 450w, https:\/\/truckle.in-chemnitz.de\/wordpress\/wp-content\/uploads\/2022\/09\/20220930_1308584979510972250230202-203x270.jpg 203w, https:\/\/truckle.in-chemnitz.de\/wordpress\/wp-content\/uploads\/2022\/09\/20220930_1308584979510972250230202-768x1024.jpg 768w, https:\/\/truckle.in-chemnitz.de\/wordpress\/wp-content\/uploads\/2022\/09\/20220930_1308584979510972250230202-1152x1536.jpg 1152w, https:\/\/truckle.in-chemnitz.de\/wordpress\/wp-content\/uploads\/2022\/09\/20220930_1308584979510972250230202-1536x2048.jpg 1536w, https:\/\/truckle.in-chemnitz.de\/wordpress\/wp-content\/uploads\/2022\/09\/20220930_1308584979510972250230202-scaled.jpg 1920w\" sizes=\"auto, (max-width: 450px) 100vw, 450px\" \/><\/a><figcaption class=\"wp-element-caption\">Kopf einziehen!<\/figcaption><\/figure>\n\n\n\n<p>Ab und an konnten wir einen Blick ins Sextener Tal oder die Dolomiten dahinter erhaschen.<\/p>\n\n\n\n<figure class=\"wp-block-image size-large\"><a href=\"https:\/\/truckle.in-chemnitz.de\/wordpress\/wp-content\/uploads\/2022\/09\/20220930_1237408184331916463783013-450x600.jpg\"><img loading=\"lazy\" decoding=\"async\" width=\"450\" height=\"600\" src=\"https:\/\/truckle.in-chemnitz.de\/wordpress\/wp-content\/uploads\/2022\/09\/20220930_1237408184331916463783013-450x600.jpg\" alt=\"\" class=\"wp-image-3855\" srcset=\"https:\/\/truckle.in-chemnitz.de\/wordpress\/wp-content\/uploads\/2022\/09\/20220930_1237408184331916463783013-450x600.jpg 450w, https:\/\/truckle.in-chemnitz.de\/wordpress\/wp-content\/uploads\/2022\/09\/20220930_1237408184331916463783013-203x270.jpg 203w, https:\/\/truckle.in-chemnitz.de\/wordpress\/wp-content\/uploads\/2022\/09\/20220930_1237408184331916463783013-768x1024.jpg 768w, https:\/\/truckle.in-chemnitz.de\/wordpress\/wp-content\/uploads\/2022\/09\/20220930_1237408184331916463783013-1152x1536.jpg 1152w, https:\/\/truckle.in-chemnitz.de\/wordpress\/wp-content\/uploads\/2022\/09\/20220930_1237408184331916463783013-1536x2048.jpg 1536w, https:\/\/truckle.in-chemnitz.de\/wordpress\/wp-content\/uploads\/2022\/09\/20220930_1237408184331916463783013-scaled.jpg 1920w\" sizes=\"auto, (max-width: 450px) 100vw, 450px\" \/><\/a><\/figure>\n\n\n\n<figure class=\"wp-block-image size-large\"><a href=\"https:\/\/truckle.in-chemnitz.de\/wordpress\/wp-content\/uploads\/2022\/09\/20220930_131606-600x450.jpg\"><img loading=\"lazy\" decoding=\"async\" width=\"600\" height=\"450\" src=\"https:\/\/truckle.in-chemnitz.de\/wordpress\/wp-content\/uploads\/2022\/09\/20220930_131606-600x450.jpg\" alt=\"\" class=\"wp-image-3856\" srcset=\"https:\/\/truckle.in-chemnitz.de\/wordpress\/wp-content\/uploads\/2022\/09\/20220930_131606-600x450.jpg 600w, https:\/\/truckle.in-chemnitz.de\/wordpress\/wp-content\/uploads\/2022\/09\/20220930_131606-270x203.jpg 270w, https:\/\/truckle.in-chemnitz.de\/wordpress\/wp-content\/uploads\/2022\/09\/20220930_131606-768x576.jpg 768w, https:\/\/truckle.in-chemnitz.de\/wordpress\/wp-content\/uploads\/2022\/09\/20220930_131606-1536x1152.jpg 1536w, https:\/\/truckle.in-chemnitz.de\/wordpress\/wp-content\/uploads\/2022\/09\/20220930_131606-2048x1536.jpg 2048w\" sizes=\"auto, (max-width: 600px) 100vw, 600px\" \/><\/a><figcaption class=\"wp-element-caption\">In \u00d6sterreich ist das Wetter auch nicht viel besser<\/figcaption><\/figure>\n\n\n\n<p>Wir folgten dem Kamm bis zum Hochgr\u00e4ntenjoch. Der Hochgr\u00e4ntensee war im Nebel fast nicht zu sehen.<\/p>\n\n\n\n<figure class=\"wp-block-image size-large\"><img loading=\"lazy\" decoding=\"async\" width=\"450\" height=\"600\" src=\"https:\/\/truckle.in-chemnitz.de\/wordpress\/wp-content\/uploads\/2022\/09\/20220930_1407491635055239946794887-450x600.jpg\" alt=\"\" class=\"wp-image-3857\" srcset=\"https:\/\/truckle.in-chemnitz.de\/wordpress\/wp-content\/uploads\/2022\/09\/20220930_1407491635055239946794887-450x600.jpg 450w, https:\/\/truckle.in-chemnitz.de\/wordpress\/wp-content\/uploads\/2022\/09\/20220930_1407491635055239946794887-203x270.jpg 203w, https:\/\/truckle.in-chemnitz.de\/wordpress\/wp-content\/uploads\/2022\/09\/20220930_1407491635055239946794887-768x1024.jpg 768w, https:\/\/truckle.in-chemnitz.de\/wordpress\/wp-content\/uploads\/2022\/09\/20220930_1407491635055239946794887-1152x1536.jpg 1152w, https:\/\/truckle.in-chemnitz.de\/wordpress\/wp-content\/uploads\/2022\/09\/20220930_1407491635055239946794887-1536x2048.jpg 1536w, https:\/\/truckle.in-chemnitz.de\/wordpress\/wp-content\/uploads\/2022\/09\/20220930_1407491635055239946794887-scaled.jpg 1920w\" sizes=\"auto, (max-width: 450px) 100vw, 450px\" \/><figcaption class=\"wp-element-caption\">Dicke Nebelschwaden am Hochgr\u00e4ntenjoch<\/figcaption><\/figure>\n\n\n\n<figure class=\"wp-block-image size-large\"><img loading=\"lazy\" decoding=\"async\" width=\"450\" height=\"600\" src=\"https:\/\/truckle.in-chemnitz.de\/wordpress\/wp-content\/uploads\/2022\/09\/20220930_140951479110880321506062-450x600.jpg\" alt=\"\" class=\"wp-image-3858\" srcset=\"https:\/\/truckle.in-chemnitz.de\/wordpress\/wp-content\/uploads\/2022\/09\/20220930_140951479110880321506062-450x600.jpg 450w, https:\/\/truckle.in-chemnitz.de\/wordpress\/wp-content\/uploads\/2022\/09\/20220930_140951479110880321506062-203x270.jpg 203w, https:\/\/truckle.in-chemnitz.de\/wordpress\/wp-content\/uploads\/2022\/09\/20220930_140951479110880321506062-768x1024.jpg 768w, https:\/\/truckle.in-chemnitz.de\/wordpress\/wp-content\/uploads\/2022\/09\/20220930_140951479110880321506062-1152x1536.jpg 1152w, https:\/\/truckle.in-chemnitz.de\/wordpress\/wp-content\/uploads\/2022\/09\/20220930_140951479110880321506062-1536x2048.jpg 1536w, https:\/\/truckle.in-chemnitz.de\/wordpress\/wp-content\/uploads\/2022\/09\/20220930_140951479110880321506062-scaled.jpg 1920w\" sizes=\"auto, (max-width: 450px) 100vw, 450px\" \/><figcaption class=\"wp-element-caption\">Kriegerfriedhof von 1915\/1916<\/figcaption><\/figure>\n\n\n\n<p>Wenige hundert Meter weiter erreichten wir den Roteck-Sattel und stiegen von dort rechts ab.<\/p>\n\n\n\n<figure class=\"wp-block-image size-large\"><a href=\"https:\/\/truckle.in-chemnitz.de\/wordpress\/wp-content\/uploads\/2022\/09\/20220930_1441054978990135194773726-450x600.jpg\"><img loading=\"lazy\" decoding=\"async\" width=\"450\" height=\"600\" src=\"https:\/\/truckle.in-chemnitz.de\/wordpress\/wp-content\/uploads\/2022\/09\/20220930_1441054978990135194773726-450x600.jpg\" alt=\"\" class=\"wp-image-3859\" srcset=\"https:\/\/truckle.in-chemnitz.de\/wordpress\/wp-content\/uploads\/2022\/09\/20220930_1441054978990135194773726-450x600.jpg 450w, https:\/\/truckle.in-chemnitz.de\/wordpress\/wp-content\/uploads\/2022\/09\/20220930_1441054978990135194773726-203x270.jpg 203w, https:\/\/truckle.in-chemnitz.de\/wordpress\/wp-content\/uploads\/2022\/09\/20220930_1441054978990135194773726-768x1024.jpg 768w, https:\/\/truckle.in-chemnitz.de\/wordpress\/wp-content\/uploads\/2022\/09\/20220930_1441054978990135194773726-1152x1536.jpg 1152w, https:\/\/truckle.in-chemnitz.de\/wordpress\/wp-content\/uploads\/2022\/09\/20220930_1441054978990135194773726-1536x2048.jpg 1536w, https:\/\/truckle.in-chemnitz.de\/wordpress\/wp-content\/uploads\/2022\/09\/20220930_1441054978990135194773726-scaled.jpg 1920w\" sizes=\"auto, (max-width: 450px) 100vw, 450px\" \/><\/a><figcaption class=\"wp-element-caption\">Hochalm am Roteck<\/figcaption><\/figure>\n\n\n\n<p>Anderthalb Stunden sp\u00e4ter erreichten wir die Klammbach-Alm, futterten lecker Gulasch bzw. Kn\u00f6del-Tris und stiegen dann ab ins Tal nach Moos.<\/p>\n\n\n\n<figure class=\"wp-block-image size-large\"><a href=\"https:\/\/truckle.in-chemnitz.de\/wordpress\/wp-content\/uploads\/2022\/09\/20220930_1449361610119748159497860-450x600.jpg\"><img loading=\"lazy\" decoding=\"async\" width=\"450\" height=\"600\" src=\"https:\/\/truckle.in-chemnitz.de\/wordpress\/wp-content\/uploads\/2022\/09\/20220930_1449361610119748159497860-450x600.jpg\" alt=\"\" class=\"wp-image-3860\" srcset=\"https:\/\/truckle.in-chemnitz.de\/wordpress\/wp-content\/uploads\/2022\/09\/20220930_1449361610119748159497860-450x600.jpg 450w, https:\/\/truckle.in-chemnitz.de\/wordpress\/wp-content\/uploads\/2022\/09\/20220930_1449361610119748159497860-203x270.jpg 203w, https:\/\/truckle.in-chemnitz.de\/wordpress\/wp-content\/uploads\/2022\/09\/20220930_1449361610119748159497860-768x1024.jpg 768w, https:\/\/truckle.in-chemnitz.de\/wordpress\/wp-content\/uploads\/2022\/09\/20220930_1449361610119748159497860-1152x1536.jpg 1152w, https:\/\/truckle.in-chemnitz.de\/wordpress\/wp-content\/uploads\/2022\/09\/20220930_1449361610119748159497860-1536x2048.jpg 1536w, https:\/\/truckle.in-chemnitz.de\/wordpress\/wp-content\/uploads\/2022\/09\/20220930_1449361610119748159497860-scaled.jpg 1920w\" sizes=\"auto, (max-width: 450px) 100vw, 450px\" \/><\/a><figcaption class=\"wp-element-caption\">Vegetation in r\u00f6tlichen Herbstfarben<\/figcaption><\/figure>\n\n\n\n<figure class=\"wp-block-image size-large\"><a href=\"https:\/\/truckle.in-chemnitz.de\/wordpress\/wp-content\/uploads\/2022\/09\/20220930_1521373447669945055278663-450x600.jpg\"><img loading=\"lazy\" decoding=\"async\" width=\"450\" height=\"600\" src=\"https:\/\/truckle.in-chemnitz.de\/wordpress\/wp-content\/uploads\/2022\/09\/20220930_1521373447669945055278663-450x600.jpg\" alt=\"\" class=\"wp-image-3861\" srcset=\"https:\/\/truckle.in-chemnitz.de\/wordpress\/wp-content\/uploads\/2022\/09\/20220930_1521373447669945055278663-450x600.jpg 450w, https:\/\/truckle.in-chemnitz.de\/wordpress\/wp-content\/uploads\/2022\/09\/20220930_1521373447669945055278663-203x270.jpg 203w, https:\/\/truckle.in-chemnitz.de\/wordpress\/wp-content\/uploads\/2022\/09\/20220930_1521373447669945055278663-768x1024.jpg 768w, https:\/\/truckle.in-chemnitz.de\/wordpress\/wp-content\/uploads\/2022\/09\/20220930_1521373447669945055278663-1152x1536.jpg 1152w, https:\/\/truckle.in-chemnitz.de\/wordpress\/wp-content\/uploads\/2022\/09\/20220930_1521373447669945055278663-1536x2048.jpg 1536w, https:\/\/truckle.in-chemnitz.de\/wordpress\/wp-content\/uploads\/2022\/09\/20220930_1521373447669945055278663-scaled.jpg 1920w\" sizes=\"auto, (max-width: 450px) 100vw, 450px\" \/><\/a><figcaption class=\"wp-element-caption\">Abzweig zur Nemes-Alm<\/figcaption><\/figure>\n\n\n\n<figure class=\"wp-block-image\"><a href=\"https:\/\/truckle.in-chemnitz.de\/wordpress\/wp-content\/uploads\/2022\/09\/20220930_171509-600x450.jpg\"><img loading=\"lazy\" decoding=\"async\" width=\"600\" height=\"450\" src=\"https:\/\/truckle.in-chemnitz.de\/wordpress\/wp-content\/uploads\/2022\/09\/20220930_171509-600x450.jpg\" alt=\"\" class=\"wp-image-3862\" srcset=\"https:\/\/truckle.in-chemnitz.de\/wordpress\/wp-content\/uploads\/2022\/09\/20220930_171509-600x450.jpg 600w, https:\/\/truckle.in-chemnitz.de\/wordpress\/wp-content\/uploads\/2022\/09\/20220930_171509-270x203.jpg 270w, https:\/\/truckle.in-chemnitz.de\/wordpress\/wp-content\/uploads\/2022\/09\/20220930_171509-768x576.jpg 768w, https:\/\/truckle.in-chemnitz.de\/wordpress\/wp-content\/uploads\/2022\/09\/20220930_171509-1536x1152.jpg 1536w, https:\/\/truckle.in-chemnitz.de\/wordpress\/wp-content\/uploads\/2022\/09\/20220930_171509-2048x1536.jpg 2048w\" sizes=\"auto, (max-width: 600px) 100vw, 600px\" \/><\/a><figcaption class=\"wp-element-caption\">Klammbach-Alm<\/figcaption><\/figure>\n","protected":false},"excerpt":{"rendered":"<p>Wir fuhren heute morgen mit der Seilbahn bis auf ca. 2000m und wanderten Richtung Helm. Am Wegesrand waren viele Preisel- und einige wenige Heidelbeeren zu finden. Leider gab es so gut wie keine Aussicht Ab dem Lenkfeldsattel erreicht man den Kamm der Bergkette und damit die Grenze zwischen \u00d6sterreich und Italien. Hier verl\u00e4uft auch der &hellip; <a href=\"https:\/\/truckle.in-chemnitz.de\/wordpress\/karnischer-hoehenweg\/\" class=\"more-link\"><span class=\"screen-reader-text\">Karnischer H\u00f6henweg<\/span> weiterlesen <span class=\"meta-nav\">&rarr;<\/span><\/a><\/p>\n","protected":false},"author":1,"featured_media":0,"comment_status":"open","ping_status":"open","sticky":false,"template":"","format":"standard","meta":{"footnotes":""},"categories":[45],"tags":[59],"class_list":["post-3863","post","type-post","status-publish","format-standard","hentry","category-wandern","tag-sexten"],"_links":{"self":[{"href":"https:\/\/truckle.in-chemnitz.de\/wordpress\/wp-json\/wp\/v2\/posts\/3863","targetHints":{"allow":["GET"]}}],"collection":[{"href":"https:\/\/truckle.in-chemnitz.de\/wordpress\/wp-json\/wp\/v2\/posts"}],"about":[{"href":"https:\/\/truckle.in-chemnitz.de\/wordpress\/wp-json\/wp\/v2\/types\/post"}],"author":[{"embeddable":true,"href":"https:\/\/truckle.in-chemnitz.de\/wordpress\/wp-json\/wp\/v2\/users\/1"}],"replies":[{"embeddable":true,"href":"https:\/\/truckle.in-chemnitz.de\/wordpress\/wp-json\/wp\/v2\/comments?post=3863"}],"version-history":[{"count":2,"href":"https:\/\/truckle.in-chemnitz.de\/wordpress\/wp-json\/wp\/v2\/posts\/3863\/revisions"}],"predecessor-version":[{"id":3865,"href":"https:\/\/truckle.in-chemnitz.de\/wordpress\/wp-json\/wp\/v2\/posts\/3863\/revisions\/3865"}],"wp:attachment":[{"href":"https:\/\/truckle.in-chemnitz.de\/wordpress\/wp-json\/wp\/v2\/media?parent=3863"}],"wp:term":[{"taxonomy":"category","embeddable":true,"href":"https:\/\/truckle.in-chemnitz.de\/wordpress\/wp-json\/wp\/v2\/categories?post=3863"},{"taxonomy":"post_tag","embeddable":true,"href":"https:\/\/truckle.in-chemnitz.de\/wordpress\/wp-json\/wp\/v2\/tags?post=3863"}],"curies":[{"name":"wp","href":"https:\/\/api.w.org\/{rel}","templated":true}]}}