{"id":53,"date":"2011-08-12T23:21:33","date_gmt":"2011-08-12T21:21:33","guid":{"rendered":"http:\/\/truckle.in-chemnitz.de\/wordpress\/?p=53"},"modified":"2011-08-12T23:21:33","modified_gmt":"2011-08-12T21:21:33","slug":"frankreich-2011-etappe-12","status":"publish","type":"post","link":"https:\/\/truckle.in-chemnitz.de\/wordpress\/frankreich-2011-etappe-12\/","title":{"rendered":"Frankreich 2011, Etappe 12"},"content":{"rendered":"<p><img decoding=\"async\" style=\"display:block;margin-right:auto;margin-left:auto;\" alt=\"image\" src=\"http:\/\/truckle.in-chemnitz.de\/wordpress\/wp-content\/uploads\/2011\/08\/wpid-IMG_20110810_141450.jpg\" \/><\/p>\n<p><img decoding=\"async\" style=\"display:block;margin-right:auto;margin-left:auto;\" alt=\"image\" src=\"http:\/\/truckle.in-chemnitz.de\/wordpress\/wp-content\/uploads\/2011\/08\/wpid-IMG_20110810_153641.jpg\" \/><\/p>\n<p>79km<\/p>\n<p>Heute war der letzte Tag der Tour, die leider etwas eher als geplant beendet werden mu\u00dfte. Wir haben ausgeschlafen und uns Zeit gelassen. Nachmittags gegen 14:00 bin ich dann aber aufs Rad und hab&#8216; den wunderbar am Etang de Cazaux entlang verlaufenden Radweg Richtung Ozean genommen. Ca. 1km n\u00f6rdlich des Plage de la Salie Nord f\u00fchrt ein asphaltierter Weg direkt vom Radweg bis an die D\u00fcne. Bei herrlichstem Sonnenschein, knapp einem Meter hohen Wellen und angenehm warmen Wasser war das Bad ein wahrer Genuss.<\/p>\n<p>Anschlie\u00dfend bin ich noch zur D\u00fcne von Pilat gefahren, einem hundert Meter hohen Riesen-Sandhaufen. Der Aufstieg wird durch eine Treppe erleichtert, abw\u00e4rts geht&#8217;s daf\u00fcr fast von allein.<\/p>\n<p>Auf dem R\u00fcckweg haben wir uns am Nordstrand von La Salie getroffen, sind noch etwas in den Wellen herumgeh\u00fcpft und mussten den Urlaub damit leider beenden.<\/p>\n<p>Fazit der ganzen Reise: Frankreich ist ein f\u00fcr Radtouristen sehr geeignetes Gebiet, gut ausgebaut mit grandiosen Landschaften und Kulturdenkm\u00e4lern, freundlichen Menschen und leckeren Essen und Wein. Ich denke, das wird wahrscheinlich nicht meine letzte Radreise hierher gewesen sein. F\u00fcr meine Familie war das dauernde Auf- und Abbauen der Zelte zu zeitraubend und zu stressig, da m\u00fcssen wir uns nochmal was anderes \u00fcberlegen.<\/p>\n","protected":false},"excerpt":{"rendered":"<p>79km Heute war der letzte Tag der Tour, die leider etwas eher als geplant beendet werden mu\u00dfte. Wir haben ausgeschlafen und uns Zeit gelassen. Nachmittags gegen 14:00 bin ich dann aber aufs Rad und hab&#8216; den wunderbar am Etang de Cazaux entlang verlaufenden Radweg Richtung Ozean genommen. Ca. 1km n\u00f6rdlich des Plage de la Salie &hellip; <a href=\"https:\/\/truckle.in-chemnitz.de\/wordpress\/frankreich-2011-etappe-12\/\" class=\"more-link\"><span class=\"screen-reader-text\">Frankreich 2011, Etappe 12<\/span> weiterlesen <span class=\"meta-nav\">&rarr;<\/span><\/a><\/p>\n","protected":false},"author":1,"featured_media":0,"comment_status":"open","ping_status":"open","sticky":false,"template":"","format":"standard","meta":{"footnotes":""},"categories":[3],"tags":[12,7],"class_list":["post-53","post","type-post","status-publish","format-standard","hentry","category-rad","tag-atlantik","tag-frankreich"],"_links":{"self":[{"href":"https:\/\/truckle.in-chemnitz.de\/wordpress\/wp-json\/wp\/v2\/posts\/53","targetHints":{"allow":["GET"]}}],"collection":[{"href":"https:\/\/truckle.in-chemnitz.de\/wordpress\/wp-json\/wp\/v2\/posts"}],"about":[{"href":"https:\/\/truckle.in-chemnitz.de\/wordpress\/wp-json\/wp\/v2\/types\/post"}],"author":[{"embeddable":true,"href":"https:\/\/truckle.in-chemnitz.de\/wordpress\/wp-json\/wp\/v2\/users\/1"}],"replies":[{"embeddable":true,"href":"https:\/\/truckle.in-chemnitz.de\/wordpress\/wp-json\/wp\/v2\/comments?post=53"}],"version-history":[{"count":0,"href":"https:\/\/truckle.in-chemnitz.de\/wordpress\/wp-json\/wp\/v2\/posts\/53\/revisions"}],"wp:attachment":[{"href":"https:\/\/truckle.in-chemnitz.de\/wordpress\/wp-json\/wp\/v2\/media?parent=53"}],"wp:term":[{"taxonomy":"category","embeddable":true,"href":"https:\/\/truckle.in-chemnitz.de\/wordpress\/wp-json\/wp\/v2\/categories?post=53"},{"taxonomy":"post_tag","embeddable":true,"href":"https:\/\/truckle.in-chemnitz.de\/wordpress\/wp-json\/wp\/v2\/tags?post=53"}],"curies":[{"name":"wp","href":"https:\/\/api.w.org\/{rel}","templated":true}]}}