{"id":998,"date":"2012-07-08T20:07:49","date_gmt":"2012-07-08T18:07:49","guid":{"rendered":"http:\/\/truckle.in-chemnitz.de\/wordpress\/?p=998"},"modified":"2012-12-13T17:37:49","modified_gmt":"2012-12-13T16:37:49","slug":"istanbul-2012-17-tag-trat-nei-mer-fahrn-in-de-turkei","status":"publish","type":"post","link":"https:\/\/truckle.in-chemnitz.de\/wordpress\/istanbul-2012-17-tag-trat-nei-mer-fahrn-in-de-turkei\/","title":{"rendered":"Istanbul 2012 &#8211; 17.Tag &#8211; Trat nei, mer fahrn in de T\u00fcrkei"},"content":{"rendered":"<p>Dikea &#8211; Kirklareli, 101km, gesamt 2365km<\/p>\n<p>Heute fr\u00fch mu\u00dfte Frank auf die Vorr\u00e4te an Schrauben, Muttern und. Unterlegscheiben aus der &#8222;biesen Tasch&#8220; zur\u00fcckgreifen, eine Schraube an der Packtasche war abhanden gekommen. An dieser Stelle m\u00fcssen wir mal unsere R\u00e4der loben. Es ist schon enorm, was diese mittelpreisigen, schon einige Jahre und viele Kilometer alten Trekkingr\u00e4der so verkraften.<\/p>\n<p>So gegen sieben ging es dann aber los. Bis fast zur t\u00fcrkischen Grenze sind wir der autobahnartigen E85 gefolgt. Auf diesen 25km haben uns ganze zwei Autos \u00fcberholt.<br \/>\n<figure style=\"width: 600px\" class=\"wp-caption alignnone\"><a href=\"http:\/\/truckle.in-chemnitz.de\/wordpress\/wp-content\/uploads\/2012\/07\/wpid-IMG_3745-11.jpg\"><img decoding=\"async\" title=\"IMG_3745-1.jpg\" class=\"alignnone\" alt=\"image\" src=\"http:\/\/truckle.in-chemnitz.de\/wordpress\/wp-content\/uploads\/2012\/07\/wpid-IMG_3745-1.jpg\" \/><\/a><figcaption class=\"wp-caption-text\">Flu&#223; Ardas<\/figcaption><\/figure> <\/p>\n<p>Die Grenze zur T\u00fcrkei ist schwer gesichert, \u00fcberall steht Milit\u00e4r mit Schnellfeuergewehren rum. Wir waren trotzdem ganz schnell durch, es herrschte ausgesprochen wenig Betrieb.<\/p>\n<p>In der T\u00fcrkei sind wir zun\u00e4chst ins Zentrum der 200.000-Einwohner-Stadt Edirne geradelt, haben uns t\u00fcrkische Lira besorgt und in einem Cafe in der Fu\u00dfg\u00e4ngerzone gefr\u00fchst\u00fcckt. Am Sonntag morgen gegen neun herrschte hier bereits ein gesch\u00e4ftiges Treiben. Leider haben wir keinen guten Standort f\u00fcr ein Foto der beeindruckenden Moscheen und Minarette gefunden.<br \/>\n<figure style=\"width: 600px\" class=\"wp-caption alignnone\"><a href=\"http:\/\/truckle.in-chemnitz.de\/wordpress\/wp-content\/uploads\/2012\/07\/wpid-IMG_3748-11.jpeg\"><img decoding=\"async\" title=\"IMG_3748-1.jpeg\" class=\"alignnone\" alt=\"image\" src=\"http:\/\/truckle.in-chemnitz.de\/wordpress\/wp-content\/uploads\/2012\/07\/wpid-IMG_3748-1.jpeg\" \/><\/a><figcaption class=\"wp-caption-text\">Edirne<\/figcaption><\/figure> <\/p>\n<p>Unsere Suche nach einem Laden, in dem wir eine geeignete Landkarte erwerben k\u00f6nnten, war leider auch erfolglos. An den Tankstellen gibt&#8217;s hier sowas auch nicht. Wir hatten keine T\u00fcrkei-Karte mit, weil es diese in der Heimat nur in ungeeigneten Ma\u00dfst\u00e4ben von 1:800.000 aufw\u00e4rts gab. Jetzt mu\u00df also erstmal das Handy mit GPS reichen.<\/p>\n<p>Die Stra\u00dfe f\u00fchrt mit immer gleichem langwelligen auf und ab und immer gleichem Belag durch eine ausgesprochen \u00f6de und baumlose Landschaft. Nur Dank umfangreicher Bew\u00e4sserung wachsen Mais und Sonnenblumen. Sozusagen wie ungarische Puszta, aber hei\u00dfer.<br \/>\n<figure style=\"width: 600px\" class=\"wp-caption alignnone\"><a href=\"http:\/\/truckle.in-chemnitz.de\/wordpress\/wp-content\/uploads\/2012\/07\/wpid-IMG_3751-11.jpg\"><img decoding=\"async\" title=\"IMG_3751-1.jpg\" class=\"alignnone\" alt=\"image\" src=\"http:\/\/truckle.in-chemnitz.de\/wordpress\/wp-content\/uploads\/2012\/07\/wpid-IMG_3751-1.jpg\" \/><\/a><figcaption class=\"wp-caption-text\">Bew&#228;sserung<\/figcaption><\/figure> <\/p>\n<p>In den wenigen Orten unterwegs haben wir Pausen eingelegt und Wasser, Limo oder Tee getrunken. Die Leute waren ausgesprochen freundlich und interessiert, beschenkten uns mit Pflaumen und Aprikosen. Wir konnten es Ihnen mangels geeigneter Fremdsprachkenntnisse leider nicht durch interessante Geschichten danken.<\/p>\n<p>Auf der D0020 Richtung Kirklareli hatten wir mit stetig zunehmendem Wind und Hitze zu k\u00e4mpfen. Die Reifen fingen an, am Teer zu kleben. Irgendwann kam uns ein Streufahrzeug entgegen, um den aufgeweichten Asphalt mit feinem Split abzubinden.<\/p>\n<p>Kurz vorm Tagesziel trafen wir Tobias aus D\u00e4nemark, der seit Ende Mai mit Rad und H\u00e4nger durch die Ukraine und andere L\u00e4nder Osteuropas tourt.<br \/>\n<figure style=\"width: 600px\" class=\"wp-caption alignnone\"><a href=\"http:\/\/truckle.in-chemnitz.de\/wordpress\/wp-content\/uploads\/2012\/07\/wpid-2012-07-08-14.39.33-11.jpg\"><img decoding=\"async\" title=\"2012-07-08 14.39.33-1.jpg\" class=\"alignnone\" alt=\"image\" src=\"http:\/\/truckle.in-chemnitz.de\/wordpress\/wp-content\/uploads\/2012\/07\/wpid-2012-07-08-14.39.33-1.jpg\" \/><\/a><figcaption class=\"wp-caption-text\">Tobias<\/figcaption><\/figure> <\/p>\n<p>Eingangs Kirklareli luden uns zwei Rentner, die vor Jahren zeitlang in N\u00fcrnberg gearbeitet hatten, kurzerhand zum Tee ein. Die Leute sind unglaublich nett hier.<\/p>\n<p>Ein Hotel war schnell gefunden. Das Einchecken dauerte aber ziemlich lang und ging nur mit Gesten, viel Geduld und Hilfe eines franz\u00f6sisch sprechenden Gastes zu bewekstelligen.<\/p>\n<p>Ein abendlicher Bummel durch die Innenstadt beendete den Tag. Dank WLAN an einem B\u00e4ckerei-Cafe war jetzt auch der Blog-Eintrag kein Problem.<\/p>\n<p>Geschrieben von <a href=\"mailto:frichter42&#64;google&#109;&#97;&#105;&#108;&#46;&#99;&#111;&#109;\">Frank<\/a><\/p>\n<p><a href=\"\/gps\/GPSDATA-20120708_k_s-osm.html\" target=\"_blank\">Karte<\/a><\/p>\n<figure id=\"attachment_1140\" aria-describedby=\"caption-attachment-1140\" style=\"width: 600px\" class=\"wp-caption alignnone\"><a href=\"http:\/\/truckle.in-chemnitz.de\/wordpress\/wp-content\/uploads\/2012\/07\/GPSDATA-20120708_k_s-profile.png\"><img loading=\"lazy\" decoding=\"async\" src=\"http:\/\/truckle.in-chemnitz.de\/wordpress\/wp-content\/uploads\/2012\/07\/GPSDATA-20120708_k_s-profile-600x253.png\" alt=\"\" title=\"GPSDATA-20120708_k_s-profile\" width=\"600\" height=\"253\" class=\"size-large wp-image-1140\" srcset=\"https:\/\/truckle.in-chemnitz.de\/wordpress\/wp-content\/uploads\/2012\/07\/GPSDATA-20120708_k_s-profile-600x253.png 600w, https:\/\/truckle.in-chemnitz.de\/wordpress\/wp-content\/uploads\/2012\/07\/GPSDATA-20120708_k_s-profile-270x114.png 270w, https:\/\/truckle.in-chemnitz.de\/wordpress\/wp-content\/uploads\/2012\/07\/GPSDATA-20120708_k_s-profile.png 900w\" sizes=\"auto, (max-width: 600px) 100vw, 600px\" \/><\/a><figcaption id=\"caption-attachment-1140\" class=\"wp-caption-text\">Profil<\/figcaption><\/figure>\n","protected":false},"excerpt":{"rendered":"<p>Dikea &#8211; Kirklareli, 101km, gesamt 2365km Heute fr\u00fch mu\u00dfte Frank auf die Vorr\u00e4te an Schrauben, Muttern und. Unterlegscheiben aus der &#8222;biesen Tasch&#8220; zur\u00fcckgreifen, eine Schraube an der Packtasche war abhanden gekommen. An dieser Stelle m\u00fcssen wir mal unsere R\u00e4der loben. Es ist schon enorm, was diese mittelpreisigen, schon einige Jahre und viele Kilometer alten Trekkingr\u00e4der &hellip; <a href=\"https:\/\/truckle.in-chemnitz.de\/wordpress\/istanbul-2012-17-tag-trat-nei-mer-fahrn-in-de-turkei\/\" class=\"more-link\"><span class=\"screen-reader-text\">Istanbul 2012 &#8211; 17.Tag &#8211; Trat nei, mer fahrn in de T\u00fcrkei<\/span> weiterlesen <span class=\"meta-nav\">&rarr;<\/span><\/a><\/p>\n","protected":false},"author":1,"featured_media":0,"comment_status":"open","ping_status":"open","sticky":false,"template":"","format":"standard","meta":{"footnotes":""},"categories":[3],"tags":[20,25],"class_list":["post-998","post","type-post","status-publish","format-standard","hentry","category-rad","tag-istanbul","tag-turkei"],"_links":{"self":[{"href":"https:\/\/truckle.in-chemnitz.de\/wordpress\/wp-json\/wp\/v2\/posts\/998","targetHints":{"allow":["GET"]}}],"collection":[{"href":"https:\/\/truckle.in-chemnitz.de\/wordpress\/wp-json\/wp\/v2\/posts"}],"about":[{"href":"https:\/\/truckle.in-chemnitz.de\/wordpress\/wp-json\/wp\/v2\/types\/post"}],"author":[{"embeddable":true,"href":"https:\/\/truckle.in-chemnitz.de\/wordpress\/wp-json\/wp\/v2\/users\/1"}],"replies":[{"embeddable":true,"href":"https:\/\/truckle.in-chemnitz.de\/wordpress\/wp-json\/wp\/v2\/comments?post=998"}],"version-history":[{"count":8,"href":"https:\/\/truckle.in-chemnitz.de\/wordpress\/wp-json\/wp\/v2\/posts\/998\/revisions"}],"predecessor-version":[{"id":1175,"href":"https:\/\/truckle.in-chemnitz.de\/wordpress\/wp-json\/wp\/v2\/posts\/998\/revisions\/1175"}],"wp:attachment":[{"href":"https:\/\/truckle.in-chemnitz.de\/wordpress\/wp-json\/wp\/v2\/media?parent=998"}],"wp:term":[{"taxonomy":"category","embeddable":true,"href":"https:\/\/truckle.in-chemnitz.de\/wordpress\/wp-json\/wp\/v2\/categories?post=998"},{"taxonomy":"post_tag","embeddable":true,"href":"https:\/\/truckle.in-chemnitz.de\/wordpress\/wp-json\/wp\/v2\/tags?post=998"}],"curies":[{"name":"wp","href":"https:\/\/api.w.org\/{rel}","templated":true}]}}